{"id":158907,"date":"2023-01-12T23:04:39","date_gmt":"2023-01-12T23:04:39","guid":{"rendered":"http:\/\/radiofenix.com.ar\/taiana-evaluo-como-exitoso-y-muy-positivo-el-primer-ano-del-comando-conjunto-maritimo\/"},"modified":"2023-01-12T23:04:39","modified_gmt":"2023-01-12T23:04:39","slug":"taiana-evaluo-como-exitoso-y-muy-positivo-el-primer-ano-del-comando-conjunto-maritimo","status":"publish","type":"post","link":"https:\/\/radiofenix.com.ar\/2023\/taiana-evaluo-como-exitoso-y-muy-positivo-el-primer-ano-del-comando-conjunto-maritimo\/","title":{"rendered":"Taiana evalu\u00f3 como \u00abexitoso y muy positivo\u00bb el primer a\u00f1o del Comando Conjunto Mar\u00edtimo"},"content":{"rendered":"<p>El ministro de Defensa visit\u00f3 la sede del Comando Conjunto Mar\u00edtimo y destac\u00f3 el trabajo de la Prefectura, la Armada, la Fuerza A\u00e9rea y las fuerzas aeronavales.El ministro de Defensa visit\u00f3 la sede del Comando Conjunto Mar\u00edtimo y destac\u00f3 el trabajo de la Prefectura, la Armada, la Fuerza A\u00e9rea y las fuerzas aeronavales.<\/p>\n","protected":false},"excerpt":{"rendered":"<p>El ministro de Defensa visit\u00f3 la sede del Comando Conjunto Mar\u00edtimo y destac\u00f3 el trabajo&#8230;<\/p>\n","protected":false},"author":2,"featured_media":158908,"comment_status":"open","ping_status":"open","sticky":false,"template":"","format":"standard","meta":{"footnotes":""},"categories":[2],"tags":[],"class_list":["post-158907","post","type-post","status-publish","format-standard","has-post-thumbnail","hentry","category-politica"],"featured_image_urls":{"full":"","thumbnail":"","medium":"","medium_large":"","large":"","1536x1536":"","2048x2048":"","newsium-slider-full":"","newsium-featured":"","newsium-medium":""},"author_info":{"info":["c1500921"]},"category_info":"<a href=\"https:\/\/radiofenix.com.ar\/2023\/category\/politica\/\" rel=\"category tag\">Pol\u00edtica<\/a>","tag_info":"Pol\u00edtica","comment_count":"0","_links":{"self":[{"href":"https:\/\/radiofenix.com.ar\/2023\/wp-json\/wp\/v2\/posts\/158907","targetHints":{"allow":["GET"]}}],"collection":[{"href":"https:\/\/radiofenix.com.ar\/2023\/wp-json\/wp\/v2\/posts"}],"about":[{"href":"https:\/\/radiofenix.com.ar\/2023\/wp-json\/wp\/v2\/types\/post"}],"author":[{"embeddable":true,"href":"https:\/\/radiofenix.com.ar\/2023\/wp-json\/wp\/v2\/users\/2"}],"replies":[{"embeddable":true,"href":"https:\/\/radiofenix.com.ar\/2023\/wp-json\/wp\/v2\/comments?post=158907"}],"version-history":[{"count":0,"href":"https:\/\/radiofenix.com.ar\/2023\/wp-json\/wp\/v2\/posts\/158907\/revisions"}],"wp:featuredmedia":[{"embeddable":true,"href":"https:\/\/radiofenix.com.ar\/2023\/wp-json\/"}],"wp:attachment":[{"href":"https:\/\/radiofenix.com.ar\/2023\/wp-json\/wp\/v2\/media?parent=158907"}],"wp:term":[{"taxonomy":"category","embeddable":true,"href":"https:\/\/radiofenix.com.ar\/2023\/wp-json\/wp\/v2\/categories?post=158907"},{"taxonomy":"post_tag","embeddable":true,"href":"https:\/\/radiofenix.com.ar\/2023\/wp-json\/wp\/v2\/tags?post=158907"}],"curies":[{"name":"wp","href":"https:\/\/api.w.org\/{rel}","templated":true}]}}