{"id":158915,"date":"2023-01-13T01:04:07","date_gmt":"2023-01-13T01:04:07","guid":{"rendered":"http:\/\/radiofenix.com.ar\/alberto-fernandez-siempre-vamos-en-socorro-de-los-que-mas-necesitan\/"},"modified":"2023-01-13T01:04:07","modified_gmt":"2023-01-13T01:04:07","slug":"alberto-fernandez-siempre-vamos-en-socorro-de-los-que-mas-necesitan","status":"publish","type":"post","link":"https:\/\/radiofenix.com.ar\/2023\/alberto-fernandez-siempre-vamos-en-socorro-de-los-que-mas-necesitan\/","title":{"rendered":"Alberto Fern\u00e1ndez: \u00abSiempre vamos en socorro de los que m\u00e1s necesitan\u00bb"},"content":{"rendered":"<p>Alberto Fern\u00e1ndez inaugur\u00f3 el nuevo Parque Costero de Punta Lara junto al\u00a0ministro de Obras P\u00fablicas, Gabriel Katopodis; y el intendente de Ensenada, Mario Secco. \u00abNos interesa tambi\u00e9n que los argentinos trabajen, que puedan descansar y disfrutar\u00bb, indic\u00f3.Alberto Fern\u00e1ndez inaugur\u00f3 el nuevo Parque Costero de Punta Lara junto al\u00a0ministro de Obras P\u00fablicas, Gabriel Katopodis; y el intendente de Ensenada, Mario Secco. \u00abNos interesa tambi\u00e9n que los argentinos trabajen, que puedan descansar y disfrutar\u00bb, indic\u00f3.<\/p>\n","protected":false},"excerpt":{"rendered":"<p>Alberto Fern\u00e1ndez inaugur\u00f3 el nuevo Parque Costero de Punta Lara junto al\u00a0ministro de Obras P\u00fablicas,&#8230;<\/p>\n","protected":false},"author":2,"featured_media":158916,"comment_status":"open","ping_status":"open","sticky":false,"template":"","format":"standard","meta":{"footnotes":""},"categories":[2],"tags":[],"class_list":["post-158915","post","type-post","status-publish","format-standard","has-post-thumbnail","hentry","category-politica"],"featured_image_urls":{"full":"","thumbnail":"","medium":"","medium_large":"","large":"","1536x1536":"","2048x2048":"","newsium-slider-full":"","newsium-featured":"","newsium-medium":""},"author_info":{"info":["c1500921"]},"category_info":"<a href=\"https:\/\/radiofenix.com.ar\/2023\/category\/politica\/\" rel=\"category tag\">Pol\u00edtica<\/a>","tag_info":"Pol\u00edtica","comment_count":"0","_links":{"self":[{"href":"https:\/\/radiofenix.com.ar\/2023\/wp-json\/wp\/v2\/posts\/158915","targetHints":{"allow":["GET"]}}],"collection":[{"href":"https:\/\/radiofenix.com.ar\/2023\/wp-json\/wp\/v2\/posts"}],"about":[{"href":"https:\/\/radiofenix.com.ar\/2023\/wp-json\/wp\/v2\/types\/post"}],"author":[{"embeddable":true,"href":"https:\/\/radiofenix.com.ar\/2023\/wp-json\/wp\/v2\/users\/2"}],"replies":[{"embeddable":true,"href":"https:\/\/radiofenix.com.ar\/2023\/wp-json\/wp\/v2\/comments?post=158915"}],"version-history":[{"count":0,"href":"https:\/\/radiofenix.com.ar\/2023\/wp-json\/wp\/v2\/posts\/158915\/revisions"}],"wp:featuredmedia":[{"embeddable":true,"href":"https:\/\/radiofenix.com.ar\/2023\/wp-json\/"}],"wp:attachment":[{"href":"https:\/\/radiofenix.com.ar\/2023\/wp-json\/wp\/v2\/media?parent=158915"}],"wp:term":[{"taxonomy":"category","embeddable":true,"href":"https:\/\/radiofenix.com.ar\/2023\/wp-json\/wp\/v2\/categories?post=158915"},{"taxonomy":"post_tag","embeddable":true,"href":"https:\/\/radiofenix.com.ar\/2023\/wp-json\/wp\/v2\/tags?post=158915"}],"curies":[{"name":"wp","href":"https:\/\/api.w.org\/{rel}","templated":true}]}}