{"id":158919,"date":"2023-01-13T01:04:08","date_gmt":"2023-01-13T01:04:08","guid":{"rendered":"http:\/\/radiofenix.com.ar\/envian-a-extraordinarias-el-pedido-de-juicio-politico-a-jueces-de-la-corte\/"},"modified":"2023-01-13T01:04:08","modified_gmt":"2023-01-13T01:04:08","slug":"envian-a-extraordinarias-el-pedido-de-juicio-politico-a-jueces-de-la-corte","status":"publish","type":"post","link":"https:\/\/radiofenix.com.ar\/2023\/envian-a-extraordinarias-el-pedido-de-juicio-politico-a-jueces-de-la-corte\/","title":{"rendered":"Env\u00edan a extraordinarias el pedido de juicio pol\u00edtico a jueces de la Corte"},"content":{"rendered":"<p>El pedido del Poder Ejecutivo para extraordinarias regir\u00e1 desde el 23 de enero hasta el 28 de febrero pr\u00f3ximos, en los que se tratar\u00e1n 27 proyectos de ley.El pedido del Poder Ejecutivo para extraordinarias regir\u00e1 desde el 23 de enero hasta el 28 de febrero pr\u00f3ximos, en los que se tratar\u00e1n 27 proyectos de ley.<\/p>\n","protected":false},"excerpt":{"rendered":"<p>El pedido del Poder Ejecutivo para extraordinarias regir\u00e1 desde el 23 de enero hasta el&#8230;<\/p>\n","protected":false},"author":2,"featured_media":158920,"comment_status":"open","ping_status":"open","sticky":false,"template":"","format":"standard","meta":{"footnotes":""},"categories":[2],"tags":[],"class_list":["post-158919","post","type-post","status-publish","format-standard","has-post-thumbnail","hentry","category-politica"],"featured_image_urls":{"full":"","thumbnail":"","medium":"","medium_large":"","large":"","1536x1536":"","2048x2048":"","newsium-slider-full":"","newsium-featured":"","newsium-medium":""},"author_info":{"info":["c1500921"]},"category_info":"<a href=\"https:\/\/radiofenix.com.ar\/2023\/category\/politica\/\" rel=\"category tag\">Pol\u00edtica<\/a>","tag_info":"Pol\u00edtica","comment_count":"0","_links":{"self":[{"href":"https:\/\/radiofenix.com.ar\/2023\/wp-json\/wp\/v2\/posts\/158919","targetHints":{"allow":["GET"]}}],"collection":[{"href":"https:\/\/radiofenix.com.ar\/2023\/wp-json\/wp\/v2\/posts"}],"about":[{"href":"https:\/\/radiofenix.com.ar\/2023\/wp-json\/wp\/v2\/types\/post"}],"author":[{"embeddable":true,"href":"https:\/\/radiofenix.com.ar\/2023\/wp-json\/wp\/v2\/users\/2"}],"replies":[{"embeddable":true,"href":"https:\/\/radiofenix.com.ar\/2023\/wp-json\/wp\/v2\/comments?post=158919"}],"version-history":[{"count":0,"href":"https:\/\/radiofenix.com.ar\/2023\/wp-json\/wp\/v2\/posts\/158919\/revisions"}],"wp:featuredmedia":[{"embeddable":true,"href":"https:\/\/radiofenix.com.ar\/2023\/wp-json\/"}],"wp:attachment":[{"href":"https:\/\/radiofenix.com.ar\/2023\/wp-json\/wp\/v2\/media?parent=158919"}],"wp:term":[{"taxonomy":"category","embeddable":true,"href":"https:\/\/radiofenix.com.ar\/2023\/wp-json\/wp\/v2\/categories?post=158919"},{"taxonomy":"post_tag","embeddable":true,"href":"https:\/\/radiofenix.com.ar\/2023\/wp-json\/wp\/v2\/tags?post=158919"}],"curies":[{"name":"wp","href":"https:\/\/api.w.org\/{rel}","templated":true}]}}