{"id":158923,"date":"2023-01-13T00:21:00","date_gmt":"2023-01-13T00:21:00","guid":{"rendered":"http:\/\/radiofenix.com.ar\/massa-bajar-la-inflacion-es-un-desafio-que-tenemos-todos-yo-como-principal-responsable\/"},"modified":"2023-01-13T00:21:00","modified_gmt":"2023-01-13T00:21:00","slug":"massa-bajar-la-inflacion-es-un-desafio-que-tenemos-todos-yo-como-principal-responsable","status":"publish","type":"post","link":"https:\/\/radiofenix.com.ar\/2023\/massa-bajar-la-inflacion-es-un-desafio-que-tenemos-todos-yo-como-principal-responsable\/","title":{"rendered":"Massa: \u00abBajar la inflaci\u00f3n es un desaf\u00edo que tenemos todos, yo como principal responsable\u00bb"},"content":{"rendered":"<p>&amp;ldquo;La inflaci\u00f3n es la fiebre de una econom\u00eda enferma&amp;rdquo;, indic\u00f3 el Ministro de Econom\u00eda y remarc\u00f3 que la misma se soluciona con \u00aborden fiscal, disciplina, ponerse objetivos y no cambiarlos ante una adversidad&amp;rdquo;.<\/p>\n","protected":false},"excerpt":{"rendered":"<p>&amp;ldquo;La inflaci\u00f3n es la fiebre de una econom\u00eda enferma&amp;rdquo;, indic\u00f3 el Ministro de Econom\u00eda y&#8230;<\/p>\n","protected":false},"author":2,"featured_media":158924,"comment_status":"open","ping_status":"open","sticky":false,"template":"","format":"standard","meta":{"footnotes":""},"categories":[5],"tags":[],"class_list":["post-158923","post","type-post","status-publish","format-standard","has-post-thumbnail","hentry","category-economia"],"featured_image_urls":{"full":"","thumbnail":"","medium":"","medium_large":"","large":"","1536x1536":"","2048x2048":"","newsium-slider-full":"","newsium-featured":"","newsium-medium":""},"author_info":{"info":["c1500921"]},"category_info":"<a href=\"https:\/\/radiofenix.com.ar\/2023\/category\/economia\/\" rel=\"category tag\">Economia<\/a>","tag_info":"Economia","comment_count":"0","_links":{"self":[{"href":"https:\/\/radiofenix.com.ar\/2023\/wp-json\/wp\/v2\/posts\/158923","targetHints":{"allow":["GET"]}}],"collection":[{"href":"https:\/\/radiofenix.com.ar\/2023\/wp-json\/wp\/v2\/posts"}],"about":[{"href":"https:\/\/radiofenix.com.ar\/2023\/wp-json\/wp\/v2\/types\/post"}],"author":[{"embeddable":true,"href":"https:\/\/radiofenix.com.ar\/2023\/wp-json\/wp\/v2\/users\/2"}],"replies":[{"embeddable":true,"href":"https:\/\/radiofenix.com.ar\/2023\/wp-json\/wp\/v2\/comments?post=158923"}],"version-history":[{"count":0,"href":"https:\/\/radiofenix.com.ar\/2023\/wp-json\/wp\/v2\/posts\/158923\/revisions"}],"wp:featuredmedia":[{"embeddable":true,"href":"https:\/\/radiofenix.com.ar\/2023\/wp-json\/"}],"wp:attachment":[{"href":"https:\/\/radiofenix.com.ar\/2023\/wp-json\/wp\/v2\/media?parent=158923"}],"wp:term":[{"taxonomy":"category","embeddable":true,"href":"https:\/\/radiofenix.com.ar\/2023\/wp-json\/wp\/v2\/categories?post=158923"},{"taxonomy":"post_tag","embeddable":true,"href":"https:\/\/radiofenix.com.ar\/2023\/wp-json\/wp\/v2\/tags?post=158923"}],"curies":[{"name":"wp","href":"https:\/\/api.w.org\/{rel}","templated":true}]}}