{"id":158929,"date":"2023-01-13T02:48:00","date_gmt":"2023-01-13T02:48:00","guid":{"rendered":"http:\/\/radiofenix.com.ar\/murio-lisa-presley-hija-de-elvis-tras-sufrir-un-infarto\/"},"modified":"2023-01-13T02:48:00","modified_gmt":"2023-01-13T02:48:00","slug":"murio-lisa-presley-hija-de-elvis-tras-sufrir-un-infarto","status":"publish","type":"post","link":"https:\/\/radiofenix.com.ar\/2023\/murio-lisa-presley-hija-de-elvis-tras-sufrir-un-infarto\/","title":{"rendered":"Muri\u00f3 Lisa Presley, hija de Elvis, tras sufrir un infarto"},"content":{"rendered":"<p>La cantante y compositora hab\u00eda sido hospitalizada este jueves a la ma\u00f1ana y no se pudo recuperar, confirmando su madre su deceso en horas de la noche.La cantante y compositora hab\u00eda sido hospitalizada este jueves a la ma\u00f1ana y no se pudo recuperar, confirmando su madre su deceso en horas de la noche.<\/p>\n","protected":false},"excerpt":{"rendered":"<p>La cantante y compositora hab\u00eda sido hospitalizada este jueves a la ma\u00f1ana y no se&#8230;<\/p>\n","protected":false},"author":2,"featured_media":158930,"comment_status":"open","ping_status":"open","sticky":false,"template":"","format":"standard","meta":{"footnotes":""},"categories":[4],"tags":[],"class_list":["post-158929","post","type-post","status-publish","format-standard","has-post-thumbnail","hentry","category-espectaculos"],"featured_image_urls":{"full":"","thumbnail":"","medium":"","medium_large":"","large":"","1536x1536":"","2048x2048":"","newsium-slider-full":"","newsium-featured":"","newsium-medium":""},"author_info":{"info":["c1500921"]},"category_info":"<a href=\"https:\/\/radiofenix.com.ar\/2023\/category\/espectaculos\/\" rel=\"category tag\">Espectaculos<\/a>","tag_info":"Espectaculos","comment_count":"0","_links":{"self":[{"href":"https:\/\/radiofenix.com.ar\/2023\/wp-json\/wp\/v2\/posts\/158929","targetHints":{"allow":["GET"]}}],"collection":[{"href":"https:\/\/radiofenix.com.ar\/2023\/wp-json\/wp\/v2\/posts"}],"about":[{"href":"https:\/\/radiofenix.com.ar\/2023\/wp-json\/wp\/v2\/types\/post"}],"author":[{"embeddable":true,"href":"https:\/\/radiofenix.com.ar\/2023\/wp-json\/wp\/v2\/users\/2"}],"replies":[{"embeddable":true,"href":"https:\/\/radiofenix.com.ar\/2023\/wp-json\/wp\/v2\/comments?post=158929"}],"version-history":[{"count":0,"href":"https:\/\/radiofenix.com.ar\/2023\/wp-json\/wp\/v2\/posts\/158929\/revisions"}],"wp:featuredmedia":[{"embeddable":true,"href":"https:\/\/radiofenix.com.ar\/2023\/wp-json\/"}],"wp:attachment":[{"href":"https:\/\/radiofenix.com.ar\/2023\/wp-json\/wp\/v2\/media?parent=158929"}],"wp:term":[{"taxonomy":"category","embeddable":true,"href":"https:\/\/radiofenix.com.ar\/2023\/wp-json\/wp\/v2\/categories?post=158929"},{"taxonomy":"post_tag","embeddable":true,"href":"https:\/\/radiofenix.com.ar\/2023\/wp-json\/wp\/v2\/tags?post=158929"}],"curies":[{"name":"wp","href":"https:\/\/api.w.org\/{rel}","templated":true}]}}