{"id":158933,"date":"2023-01-13T11:06:16","date_gmt":"2023-01-13T11:06:16","guid":{"rendered":"http:\/\/radiofenix.com.ar\/el-decreto-de-convocatoria-a-sesiones-extraordinarias-del-23-de-enero-al-28-de-febrero\/"},"modified":"2023-01-13T11:06:16","modified_gmt":"2023-01-13T11:06:16","slug":"el-decreto-de-convocatoria-a-sesiones-extraordinarias-del-23-de-enero-al-28-de-febrero","status":"publish","type":"post","link":"https:\/\/radiofenix.com.ar\/2023\/el-decreto-de-convocatoria-a-sesiones-extraordinarias-del-23-de-enero-al-28-de-febrero\/","title":{"rendered":"El decreto de convocatoria a sesiones extraordinarias del 23 de enero al 28 de febrero"},"content":{"rendered":"<p>El Gobierno nacional oficializ\u00f3 el llamado anunciado el jueves por la portavoz presidencial Gabriela Cerruti. Fue a trav\u00e9s del Decreto 17\/2023, publicado este viernes en el\u00a0Bolet\u00edn Oficial.El Gobierno nacional oficializ\u00f3 el llamado anunciado el jueves por la portavoz presidencial Gabriela Cerruti. Fue a trav\u00e9s del Decreto 17\/2023, publicado este viernes en el\u00a0Bolet\u00edn Oficial.<\/p>\n","protected":false},"excerpt":{"rendered":"<p>El Gobierno nacional oficializ\u00f3 el llamado anunciado el jueves por la portavoz presidencial Gabriela Cerruti&#8230;.<\/p>\n","protected":false},"author":2,"featured_media":158934,"comment_status":"open","ping_status":"open","sticky":false,"template":"","format":"standard","meta":{"footnotes":""},"categories":[2],"tags":[],"class_list":["post-158933","post","type-post","status-publish","format-standard","has-post-thumbnail","hentry","category-politica"],"featured_image_urls":{"full":"","thumbnail":"","medium":"","medium_large":"","large":"","1536x1536":"","2048x2048":"","newsium-slider-full":"","newsium-featured":"","newsium-medium":""},"author_info":{"info":["c1500921"]},"category_info":"<a href=\"https:\/\/radiofenix.com.ar\/2023\/category\/politica\/\" rel=\"category tag\">Pol\u00edtica<\/a>","tag_info":"Pol\u00edtica","comment_count":"0","_links":{"self":[{"href":"https:\/\/radiofenix.com.ar\/2023\/wp-json\/wp\/v2\/posts\/158933","targetHints":{"allow":["GET"]}}],"collection":[{"href":"https:\/\/radiofenix.com.ar\/2023\/wp-json\/wp\/v2\/posts"}],"about":[{"href":"https:\/\/radiofenix.com.ar\/2023\/wp-json\/wp\/v2\/types\/post"}],"author":[{"embeddable":true,"href":"https:\/\/radiofenix.com.ar\/2023\/wp-json\/wp\/v2\/users\/2"}],"replies":[{"embeddable":true,"href":"https:\/\/radiofenix.com.ar\/2023\/wp-json\/wp\/v2\/comments?post=158933"}],"version-history":[{"count":0,"href":"https:\/\/radiofenix.com.ar\/2023\/wp-json\/wp\/v2\/posts\/158933\/revisions"}],"wp:featuredmedia":[{"embeddable":true,"href":"https:\/\/radiofenix.com.ar\/2023\/wp-json\/"}],"wp:attachment":[{"href":"https:\/\/radiofenix.com.ar\/2023\/wp-json\/wp\/v2\/media?parent=158933"}],"wp:term":[{"taxonomy":"category","embeddable":true,"href":"https:\/\/radiofenix.com.ar\/2023\/wp-json\/wp\/v2\/categories?post=158933"},{"taxonomy":"post_tag","embeddable":true,"href":"https:\/\/radiofenix.com.ar\/2023\/wp-json\/wp\/v2\/tags?post=158933"}],"curies":[{"name":"wp","href":"https:\/\/api.w.org\/{rel}","templated":true}]}}