{"id":158951,"date":"2023-01-13T14:04:14","date_gmt":"2023-01-13T14:04:14","guid":{"rendered":"http:\/\/radiofenix.com.ar\/diputados-del-fdt-presentaron-formalmente-el-proyecto-de-juicio-politico-contra-la-corte\/"},"modified":"2023-01-13T14:04:14","modified_gmt":"2023-01-13T14:04:14","slug":"diputados-del-fdt-presentaron-formalmente-el-proyecto-de-juicio-politico-contra-la-corte","status":"publish","type":"post","link":"https:\/\/radiofenix.com.ar\/2023\/diputados-del-fdt-presentaron-formalmente-el-proyecto-de-juicio-politico-contra-la-corte\/","title":{"rendered":"Diputados del FdT presentaron formalmente el proyecto de juicio pol\u00edtico contra la Corte"},"content":{"rendered":"<p>Consta de\u00a0410 p\u00e1ginas y\u00a0propone\u00a0citar a los cuatro jueces del m\u00e1ximo tribunal: Horacio Rosatti -su presidente-, Carlos Rosenkrantz, Juan Carlos Maqueda y Ricardo Lorenzetti, para que se presenten\u00a0ante la Comisi\u00f3n de Juicio Pol\u00edtico que llevar\u00e1 adelante la investigaci\u00f3n.Consta de\u00a0410 p\u00e1ginas y\u00a0propone\u00a0citar a los cuatro jueces del m\u00e1ximo tribunal: Horacio Rosatti -su presidente-, Carlos Rosenkrantz, Juan Carlos Maqueda y Ricardo Lorenzetti, para que se presenten\u00a0ante la Comisi\u00f3n de Juicio Pol\u00edtico que llevar\u00e1 adelante la investigaci\u00f3n.<\/p>\n","protected":false},"excerpt":{"rendered":"<p>Consta de\u00a0410 p\u00e1ginas y\u00a0propone\u00a0citar a los cuatro jueces del m\u00e1ximo tribunal: Horacio Rosatti -su presidente-,&#8230;<\/p>\n","protected":false},"author":2,"featured_media":158952,"comment_status":"open","ping_status":"open","sticky":false,"template":"","format":"standard","meta":{"footnotes":""},"categories":[2],"tags":[],"class_list":["post-158951","post","type-post","status-publish","format-standard","has-post-thumbnail","hentry","category-politica"],"featured_image_urls":{"full":"","thumbnail":"","medium":"","medium_large":"","large":"","1536x1536":"","2048x2048":"","newsium-slider-full":"","newsium-featured":"","newsium-medium":""},"author_info":{"info":["c1500921"]},"category_info":"<a href=\"https:\/\/radiofenix.com.ar\/2023\/category\/politica\/\" rel=\"category tag\">Pol\u00edtica<\/a>","tag_info":"Pol\u00edtica","comment_count":"0","_links":{"self":[{"href":"https:\/\/radiofenix.com.ar\/2023\/wp-json\/wp\/v2\/posts\/158951","targetHints":{"allow":["GET"]}}],"collection":[{"href":"https:\/\/radiofenix.com.ar\/2023\/wp-json\/wp\/v2\/posts"}],"about":[{"href":"https:\/\/radiofenix.com.ar\/2023\/wp-json\/wp\/v2\/types\/post"}],"author":[{"embeddable":true,"href":"https:\/\/radiofenix.com.ar\/2023\/wp-json\/wp\/v2\/users\/2"}],"replies":[{"embeddable":true,"href":"https:\/\/radiofenix.com.ar\/2023\/wp-json\/wp\/v2\/comments?post=158951"}],"version-history":[{"count":0,"href":"https:\/\/radiofenix.com.ar\/2023\/wp-json\/wp\/v2\/posts\/158951\/revisions"}],"wp:featuredmedia":[{"embeddable":true,"href":"https:\/\/radiofenix.com.ar\/2023\/wp-json\/"}],"wp:attachment":[{"href":"https:\/\/radiofenix.com.ar\/2023\/wp-json\/wp\/v2\/media?parent=158951"}],"wp:term":[{"taxonomy":"category","embeddable":true,"href":"https:\/\/radiofenix.com.ar\/2023\/wp-json\/wp\/v2\/categories?post=158951"},{"taxonomy":"post_tag","embeddable":true,"href":"https:\/\/radiofenix.com.ar\/2023\/wp-json\/wp\/v2\/tags?post=158951"}],"curies":[{"name":"wp","href":"https:\/\/api.w.org\/{rel}","templated":true}]}}