{"id":158965,"date":"2023-01-13T17:04:02","date_gmt":"2023-01-13T17:04:02","guid":{"rendered":"http:\/\/radiofenix.com.ar\/catalano-la-corte-atenta-contra-el-marco-democratico-y-los-trabajadores\/"},"modified":"2023-01-13T17:04:02","modified_gmt":"2023-01-13T17:04:02","slug":"catalano-la-corte-atenta-contra-el-marco-democratico-y-los-trabajadores","status":"publish","type":"post","link":"https:\/\/radiofenix.com.ar\/2023\/catalano-la-corte-atenta-contra-el-marco-democratico-y-los-trabajadores\/","title":{"rendered":"Catalano: \u00abLa Corte atenta contra el marco democr\u00e1tico y los trabajadores\u00bb"},"content":{"rendered":"<p>El secretario general de ATE Capital Federal se refiri\u00f3 al fallo del m\u00e1ximo tribunal y a la situaci\u00f3n salarial, e indic\u00f3 que los dirigentes \u00abno podemos ir a una mesa de discusi\u00f3n salarial con un techo\u00bb en las negociaciones paritarias.El secretario general de ATE Capital Federal se refiri\u00f3 al fallo del m\u00e1ximo tribunal y a la situaci\u00f3n salarial, e indic\u00f3 que los dirigentes \u00abno podemos ir a una mesa de discusi\u00f3n salarial con un techo\u00bb en las negociaciones paritarias.<\/p>\n","protected":false},"excerpt":{"rendered":"<p>El secretario general de ATE Capital Federal se refiri\u00f3 al fallo del m\u00e1ximo tribunal y&#8230;<\/p>\n","protected":false},"author":2,"featured_media":158966,"comment_status":"open","ping_status":"open","sticky":false,"template":"","format":"standard","meta":{"footnotes":""},"categories":[2],"tags":[],"class_list":["post-158965","post","type-post","status-publish","format-standard","has-post-thumbnail","hentry","category-politica"],"featured_image_urls":{"full":"","thumbnail":"","medium":"","medium_large":"","large":"","1536x1536":"","2048x2048":"","newsium-slider-full":"","newsium-featured":"","newsium-medium":""},"author_info":{"info":["c1500921"]},"category_info":"<a href=\"https:\/\/radiofenix.com.ar\/2023\/category\/politica\/\" rel=\"category tag\">Pol\u00edtica<\/a>","tag_info":"Pol\u00edtica","comment_count":"0","_links":{"self":[{"href":"https:\/\/radiofenix.com.ar\/2023\/wp-json\/wp\/v2\/posts\/158965","targetHints":{"allow":["GET"]}}],"collection":[{"href":"https:\/\/radiofenix.com.ar\/2023\/wp-json\/wp\/v2\/posts"}],"about":[{"href":"https:\/\/radiofenix.com.ar\/2023\/wp-json\/wp\/v2\/types\/post"}],"author":[{"embeddable":true,"href":"https:\/\/radiofenix.com.ar\/2023\/wp-json\/wp\/v2\/users\/2"}],"replies":[{"embeddable":true,"href":"https:\/\/radiofenix.com.ar\/2023\/wp-json\/wp\/v2\/comments?post=158965"}],"version-history":[{"count":0,"href":"https:\/\/radiofenix.com.ar\/2023\/wp-json\/wp\/v2\/posts\/158965\/revisions"}],"wp:featuredmedia":[{"embeddable":true,"href":"https:\/\/radiofenix.com.ar\/2023\/wp-json\/"}],"wp:attachment":[{"href":"https:\/\/radiofenix.com.ar\/2023\/wp-json\/wp\/v2\/media?parent=158965"}],"wp:term":[{"taxonomy":"category","embeddable":true,"href":"https:\/\/radiofenix.com.ar\/2023\/wp-json\/wp\/v2\/categories?post=158965"},{"taxonomy":"post_tag","embeddable":true,"href":"https:\/\/radiofenix.com.ar\/2023\/wp-json\/wp\/v2\/tags?post=158965"}],"curies":[{"name":"wp","href":"https:\/\/api.w.org\/{rel}","templated":true}]}}