{"id":158979,"date":"2023-01-13T17:04:08","date_gmt":"2023-01-13T17:04:08","guid":{"rendered":"http:\/\/radiofenix.com.ar\/de-pedro-destaco-el-rol-de-alfonsin-en-el-juicio-a-las-juntas-y-felicito-a-santiago-mitre\/"},"modified":"2023-01-13T17:04:08","modified_gmt":"2023-01-13T17:04:08","slug":"de-pedro-destaco-el-rol-de-alfonsin-en-el-juicio-a-las-juntas-y-felicito-a-santiago-mitre","status":"publish","type":"post","link":"https:\/\/radiofenix.com.ar\/2023\/de-pedro-destaco-el-rol-de-alfonsin-en-el-juicio-a-las-juntas-y-felicito-a-santiago-mitre\/","title":{"rendered":"De Pedro destac\u00f3 el rol de Alfons\u00edn en el Juicio a las Juntas y felicit\u00f3 a Santiago Mitre"},"content":{"rendered":"<p>\u00abNo puedo dejar de decir que Argentina, bajo la presidencia de Alfons\u00edn, m\u00e1s all\u00e1 de otras situaciones, fue el \u00fanico gobierno democr\u00e1tico de la regi\u00f3n que impuls\u00f3 los juicios a las dictaduras\u00bb, destac\u00f3 el ministro del Interior.\u00a0\u00abNo puedo dejar de decir que Argentina, bajo la presidencia de Alfons\u00edn, m\u00e1s all\u00e1 de otras situaciones, fue el \u00fanico gobierno democr\u00e1tico de la regi\u00f3n que impuls\u00f3 los juicios a las dictaduras\u00bb, destac\u00f3 el ministro del Interior.\u00a0<\/p>\n","protected":false},"excerpt":{"rendered":"<p>\u00abNo puedo dejar de decir que Argentina, bajo la presidencia de Alfons\u00edn, m\u00e1s all\u00e1 de&#8230;<\/p>\n","protected":false},"author":2,"featured_media":158980,"comment_status":"open","ping_status":"open","sticky":false,"template":"","format":"standard","meta":{"footnotes":""},"categories":[2],"tags":[],"class_list":["post-158979","post","type-post","status-publish","format-standard","has-post-thumbnail","hentry","category-politica"],"featured_image_urls":{"full":"","thumbnail":"","medium":"","medium_large":"","large":"","1536x1536":"","2048x2048":"","newsium-slider-full":"","newsium-featured":"","newsium-medium":""},"author_info":{"info":["c1500921"]},"category_info":"<a href=\"https:\/\/radiofenix.com.ar\/2023\/category\/politica\/\" rel=\"category tag\">Pol\u00edtica<\/a>","tag_info":"Pol\u00edtica","comment_count":"0","_links":{"self":[{"href":"https:\/\/radiofenix.com.ar\/2023\/wp-json\/wp\/v2\/posts\/158979","targetHints":{"allow":["GET"]}}],"collection":[{"href":"https:\/\/radiofenix.com.ar\/2023\/wp-json\/wp\/v2\/posts"}],"about":[{"href":"https:\/\/radiofenix.com.ar\/2023\/wp-json\/wp\/v2\/types\/post"}],"author":[{"embeddable":true,"href":"https:\/\/radiofenix.com.ar\/2023\/wp-json\/wp\/v2\/users\/2"}],"replies":[{"embeddable":true,"href":"https:\/\/radiofenix.com.ar\/2023\/wp-json\/wp\/v2\/comments?post=158979"}],"version-history":[{"count":0,"href":"https:\/\/radiofenix.com.ar\/2023\/wp-json\/wp\/v2\/posts\/158979\/revisions"}],"wp:featuredmedia":[{"embeddable":true,"href":"https:\/\/radiofenix.com.ar\/2023\/wp-json\/"}],"wp:attachment":[{"href":"https:\/\/radiofenix.com.ar\/2023\/wp-json\/wp\/v2\/media?parent=158979"}],"wp:term":[{"taxonomy":"category","embeddable":true,"href":"https:\/\/radiofenix.com.ar\/2023\/wp-json\/wp\/v2\/categories?post=158979"},{"taxonomy":"post_tag","embeddable":true,"href":"https:\/\/radiofenix.com.ar\/2023\/wp-json\/wp\/v2\/tags?post=158979"}],"curies":[{"name":"wp","href":"https:\/\/api.w.org\/{rel}","templated":true}]}}