{"id":158989,"date":"2023-01-13T17:04:16","date_gmt":"2023-01-13T17:04:16","guid":{"rendered":"http:\/\/radiofenix.com.ar\/cambio-de-punteros-en-motos-benavides-sigue-tercero-a-falta-de-dos-etapas-del-dakar-3\/"},"modified":"2023-01-13T17:04:16","modified_gmt":"2023-01-13T17:04:16","slug":"cambio-de-punteros-en-motos-benavides-sigue-tercero-a-falta-de-dos-etapas-del-dakar-3","status":"publish","type":"post","link":"https:\/\/radiofenix.com.ar\/2023\/cambio-de-punteros-en-motos-benavides-sigue-tercero-a-falta-de-dos-etapas-del-dakar-3\/","title":{"rendered":"Cambio de punteros en motos: Benavides sigue tercero a falta de dos etapas del Dakar"},"content":{"rendered":"<p>El australiano Toby Price, compa\u00f1ero de equipo del salte\u00f1o, trep\u00f3 a la primera colocaci\u00f3n al ingresar tercero en el tramo que complet\u00f3 la temida marat\u00f3n Empty Quarter sobre el desierto de Rub Al Khali con 376 kil\u00f3metros de recorrido (185 cronometrados).<\/p>\n","protected":false},"excerpt":{"rendered":"<p>El australiano Toby Price, compa\u00f1ero de equipo del salte\u00f1o, trep\u00f3 a la primera colocaci\u00f3n al&#8230;<\/p>\n","protected":false},"author":2,"featured_media":158990,"comment_status":"open","ping_status":"open","sticky":false,"template":"","format":"standard","meta":{"footnotes":""},"categories":[3],"tags":[],"class_list":["post-158989","post","type-post","status-publish","format-standard","has-post-thumbnail","hentry","category-deportes"],"featured_image_urls":{"full":"","thumbnail":"","medium":"","medium_large":"","large":"","1536x1536":"","2048x2048":"","newsium-slider-full":"","newsium-featured":"","newsium-medium":""},"author_info":{"info":["c1500921"]},"category_info":"<a href=\"https:\/\/radiofenix.com.ar\/2023\/category\/deportes\/\" rel=\"category tag\">Deportes<\/a>","tag_info":"Deportes","comment_count":"0","_links":{"self":[{"href":"https:\/\/radiofenix.com.ar\/2023\/wp-json\/wp\/v2\/posts\/158989","targetHints":{"allow":["GET"]}}],"collection":[{"href":"https:\/\/radiofenix.com.ar\/2023\/wp-json\/wp\/v2\/posts"}],"about":[{"href":"https:\/\/radiofenix.com.ar\/2023\/wp-json\/wp\/v2\/types\/post"}],"author":[{"embeddable":true,"href":"https:\/\/radiofenix.com.ar\/2023\/wp-json\/wp\/v2\/users\/2"}],"replies":[{"embeddable":true,"href":"https:\/\/radiofenix.com.ar\/2023\/wp-json\/wp\/v2\/comments?post=158989"}],"version-history":[{"count":0,"href":"https:\/\/radiofenix.com.ar\/2023\/wp-json\/wp\/v2\/posts\/158989\/revisions"}],"wp:featuredmedia":[{"embeddable":true,"href":"https:\/\/radiofenix.com.ar\/2023\/wp-json\/"}],"wp:attachment":[{"href":"https:\/\/radiofenix.com.ar\/2023\/wp-json\/wp\/v2\/media?parent=158989"}],"wp:term":[{"taxonomy":"category","embeddable":true,"href":"https:\/\/radiofenix.com.ar\/2023\/wp-json\/wp\/v2\/categories?post=158989"},{"taxonomy":"post_tag","embeddable":true,"href":"https:\/\/radiofenix.com.ar\/2023\/wp-json\/wp\/v2\/tags?post=158989"}],"curies":[{"name":"wp","href":"https:\/\/api.w.org\/{rel}","templated":true}]}}