{"id":158995,"date":"2023-01-13T18:04:14","date_gmt":"2023-01-13T18:04:14","guid":{"rendered":"http:\/\/radiofenix.com.ar\/para-valdes-con-las-pruebas-contra-la-corte-se-podrian-lograr-mayorias\/"},"modified":"2023-01-13T18:04:14","modified_gmt":"2023-01-13T18:04:14","slug":"para-valdes-con-las-pruebas-contra-la-corte-se-podrian-lograr-mayorias","status":"publish","type":"post","link":"https:\/\/radiofenix.com.ar\/2023\/para-valdes-con-las-pruebas-contra-la-corte-se-podrian-lograr-mayorias\/","title":{"rendered":"Para Vald\u00e9s, con las pruebas contra la Corte se podr\u00edan lograr mayor\u00edas"},"content":{"rendered":"<p>El diputado del FdT present\u00f3 formalmente el proyecto de resoluci\u00f3n para abrir en el Congreso el juicio pol\u00edtico contra los cuatro jueces de la Corte Suprema por mal desempe\u00f1o de sus funciones.El diputado del FdT present\u00f3 formalmente el proyecto de resoluci\u00f3n para abrir en el Congreso el juicio pol\u00edtico contra los cuatro jueces de la Corte Suprema por mal desempe\u00f1o de sus funciones.<\/p>\n","protected":false},"excerpt":{"rendered":"<p>El diputado del FdT present\u00f3 formalmente el proyecto de resoluci\u00f3n para abrir en el Congreso&#8230;<\/p>\n","protected":false},"author":2,"featured_media":158996,"comment_status":"open","ping_status":"open","sticky":false,"template":"","format":"standard","meta":{"footnotes":""},"categories":[2],"tags":[],"class_list":["post-158995","post","type-post","status-publish","format-standard","has-post-thumbnail","hentry","category-politica"],"featured_image_urls":{"full":"","thumbnail":"","medium":"","medium_large":"","large":"","1536x1536":"","2048x2048":"","newsium-slider-full":"","newsium-featured":"","newsium-medium":""},"author_info":{"info":["c1500921"]},"category_info":"<a href=\"https:\/\/radiofenix.com.ar\/2023\/category\/politica\/\" rel=\"category tag\">Pol\u00edtica<\/a>","tag_info":"Pol\u00edtica","comment_count":"0","_links":{"self":[{"href":"https:\/\/radiofenix.com.ar\/2023\/wp-json\/wp\/v2\/posts\/158995","targetHints":{"allow":["GET"]}}],"collection":[{"href":"https:\/\/radiofenix.com.ar\/2023\/wp-json\/wp\/v2\/posts"}],"about":[{"href":"https:\/\/radiofenix.com.ar\/2023\/wp-json\/wp\/v2\/types\/post"}],"author":[{"embeddable":true,"href":"https:\/\/radiofenix.com.ar\/2023\/wp-json\/wp\/v2\/users\/2"}],"replies":[{"embeddable":true,"href":"https:\/\/radiofenix.com.ar\/2023\/wp-json\/wp\/v2\/comments?post=158995"}],"version-history":[{"count":0,"href":"https:\/\/radiofenix.com.ar\/2023\/wp-json\/wp\/v2\/posts\/158995\/revisions"}],"wp:featuredmedia":[{"embeddable":true,"href":"https:\/\/radiofenix.com.ar\/2023\/wp-json\/"}],"wp:attachment":[{"href":"https:\/\/radiofenix.com.ar\/2023\/wp-json\/wp\/v2\/media?parent=158995"}],"wp:term":[{"taxonomy":"category","embeddable":true,"href":"https:\/\/radiofenix.com.ar\/2023\/wp-json\/wp\/v2\/categories?post=158995"},{"taxonomy":"post_tag","embeddable":true,"href":"https:\/\/radiofenix.com.ar\/2023\/wp-json\/wp\/v2\/tags?post=158995"}],"curies":[{"name":"wp","href":"https:\/\/api.w.org\/{rel}","templated":true}]}}