{"id":158997,"date":"2023-01-13T17:25:00","date_gmt":"2023-01-13T17:25:00","guid":{"rendered":"http:\/\/radiofenix.com.ar\/la-primera-soldadora-automatica-del-pais-opera-en-el-gasoducto-nestor-kirchner-2\/"},"modified":"2023-01-13T17:25:00","modified_gmt":"2023-01-13T17:25:00","slug":"la-primera-soldadora-automatica-del-pais-opera-en-el-gasoducto-nestor-kirchner-2","status":"publish","type":"post","link":"https:\/\/radiofenix.com.ar\/2023\/la-primera-soldadora-automatica-del-pais-opera-en-el-gasoducto-nestor-kirchner-2\/","title":{"rendered":"La primera soldadora autom\u00e1tica del pa\u00eds opera en el Gasoducto N\u00e9stor Kirchner"},"content":{"rendered":"<p>El sistema, de \u00faltima generaci\u00f3n, comenz\u00f3 a funcionar en la\u00a0en la localidad pampeana de Doblas, en el kil\u00f3metro 440 de la traza de \u00abla principal obra de transformaci\u00f3n energ\u00e9tica en marcha en nuestro pa\u00eds\u00bb, indic\u00f3 Enarsa en un comunicado.<\/p>\n","protected":false},"excerpt":{"rendered":"<p>El sistema, de \u00faltima generaci\u00f3n, comenz\u00f3 a funcionar en la\u00a0en la localidad pampeana de Doblas,&#8230;<\/p>\n","protected":false},"author":2,"featured_media":158998,"comment_status":"open","ping_status":"open","sticky":false,"template":"","format":"standard","meta":{"footnotes":""},"categories":[5],"tags":[],"class_list":["post-158997","post","type-post","status-publish","format-standard","has-post-thumbnail","hentry","category-economia"],"featured_image_urls":{"full":"","thumbnail":"","medium":"","medium_large":"","large":"","1536x1536":"","2048x2048":"","newsium-slider-full":"","newsium-featured":"","newsium-medium":""},"author_info":{"info":["c1500921"]},"category_info":"<a href=\"https:\/\/radiofenix.com.ar\/2023\/category\/economia\/\" rel=\"category tag\">Economia<\/a>","tag_info":"Economia","comment_count":"0","_links":{"self":[{"href":"https:\/\/radiofenix.com.ar\/2023\/wp-json\/wp\/v2\/posts\/158997","targetHints":{"allow":["GET"]}}],"collection":[{"href":"https:\/\/radiofenix.com.ar\/2023\/wp-json\/wp\/v2\/posts"}],"about":[{"href":"https:\/\/radiofenix.com.ar\/2023\/wp-json\/wp\/v2\/types\/post"}],"author":[{"embeddable":true,"href":"https:\/\/radiofenix.com.ar\/2023\/wp-json\/wp\/v2\/users\/2"}],"replies":[{"embeddable":true,"href":"https:\/\/radiofenix.com.ar\/2023\/wp-json\/wp\/v2\/comments?post=158997"}],"version-history":[{"count":0,"href":"https:\/\/radiofenix.com.ar\/2023\/wp-json\/wp\/v2\/posts\/158997\/revisions"}],"wp:featuredmedia":[{"embeddable":true,"href":"https:\/\/radiofenix.com.ar\/2023\/wp-json\/"}],"wp:attachment":[{"href":"https:\/\/radiofenix.com.ar\/2023\/wp-json\/wp\/v2\/media?parent=158997"}],"wp:term":[{"taxonomy":"category","embeddable":true,"href":"https:\/\/radiofenix.com.ar\/2023\/wp-json\/wp\/v2\/categories?post=158997"},{"taxonomy":"post_tag","embeddable":true,"href":"https:\/\/radiofenix.com.ar\/2023\/wp-json\/wp\/v2\/tags?post=158997"}],"curies":[{"name":"wp","href":"https:\/\/api.w.org\/{rel}","templated":true}]}}