{"id":159015,"date":"2023-01-13T20:04:28","date_gmt":"2023-01-13T20:04:28","guid":{"rendered":"http:\/\/radiofenix.com.ar\/juicio-politico-a-la-corte-la-lista-de-testigos-propuestos-por-el-gobierno\/"},"modified":"2023-01-13T20:04:28","modified_gmt":"2023-01-13T20:04:28","slug":"juicio-politico-a-la-corte-la-lista-de-testigos-propuestos-por-el-gobierno","status":"publish","type":"post","link":"https:\/\/radiofenix.com.ar\/2023\/juicio-politico-a-la-corte-la-lista-de-testigos-propuestos-por-el-gobierno\/","title":{"rendered":"Juicio pol\u00edtico a la Corte: la lista de testigos propuestos por el Gobierno"},"content":{"rendered":"<p>Adem\u00e1s de los miembros del m\u00e1ximo tribunal, figuran decenas de funcionarios, entre ellos\u00a0Silvio Robles, el asesor de Horario Rosatti;\u00a0Marcelo D&#039; Allesandro,\u00a0el ministro de Justicia y Seguridad del Gobierno porte\u00f1o;\u00a0Eduardo &#039;Wado&#039; De Pedro,\u00a0el ministro del Interior de la Naci\u00f3n, y referentes de organismos de derechos humanos.Adem\u00e1s de los miembros del m\u00e1ximo tribunal, figuran decenas de funcionarios, entre ellos\u00a0Silvio Robles, el asesor de Horario Rosatti;\u00a0Marcelo D&#039; Allesandro,\u00a0el ministro de Justicia y Seguridad del Gobierno porte\u00f1o;\u00a0Eduardo &#039;Wado&#039; De Pedro,\u00a0el ministro del Interior de la Naci\u00f3n, y referentes de organismos de derechos humanos.<\/p>\n","protected":false},"excerpt":{"rendered":"<p>Adem\u00e1s de los miembros del m\u00e1ximo tribunal, figuran decenas de funcionarios, entre ellos\u00a0Silvio Robles, el&#8230;<\/p>\n","protected":false},"author":2,"featured_media":159016,"comment_status":"open","ping_status":"open","sticky":false,"template":"","format":"standard","meta":{"footnotes":""},"categories":[2],"tags":[],"class_list":["post-159015","post","type-post","status-publish","format-standard","has-post-thumbnail","hentry","category-politica"],"featured_image_urls":{"full":"","thumbnail":"","medium":"","medium_large":"","large":"","1536x1536":"","2048x2048":"","newsium-slider-full":"","newsium-featured":"","newsium-medium":""},"author_info":{"info":["c1500921"]},"category_info":"<a href=\"https:\/\/radiofenix.com.ar\/2023\/category\/politica\/\" rel=\"category tag\">Pol\u00edtica<\/a>","tag_info":"Pol\u00edtica","comment_count":"0","_links":{"self":[{"href":"https:\/\/radiofenix.com.ar\/2023\/wp-json\/wp\/v2\/posts\/159015","targetHints":{"allow":["GET"]}}],"collection":[{"href":"https:\/\/radiofenix.com.ar\/2023\/wp-json\/wp\/v2\/posts"}],"about":[{"href":"https:\/\/radiofenix.com.ar\/2023\/wp-json\/wp\/v2\/types\/post"}],"author":[{"embeddable":true,"href":"https:\/\/radiofenix.com.ar\/2023\/wp-json\/wp\/v2\/users\/2"}],"replies":[{"embeddable":true,"href":"https:\/\/radiofenix.com.ar\/2023\/wp-json\/wp\/v2\/comments?post=159015"}],"version-history":[{"count":0,"href":"https:\/\/radiofenix.com.ar\/2023\/wp-json\/wp\/v2\/posts\/159015\/revisions"}],"wp:featuredmedia":[{"embeddable":true,"href":"https:\/\/radiofenix.com.ar\/2023\/wp-json\/"}],"wp:attachment":[{"href":"https:\/\/radiofenix.com.ar\/2023\/wp-json\/wp\/v2\/media?parent=159015"}],"wp:term":[{"taxonomy":"category","embeddable":true,"href":"https:\/\/radiofenix.com.ar\/2023\/wp-json\/wp\/v2\/categories?post=159015"},{"taxonomy":"post_tag","embeddable":true,"href":"https:\/\/radiofenix.com.ar\/2023\/wp-json\/wp\/v2\/tags?post=159015"}],"curies":[{"name":"wp","href":"https:\/\/api.w.org\/{rel}","templated":true}]}}