{"id":159045,"date":"2023-01-14T01:04:02","date_gmt":"2023-01-14T01:04:02","guid":{"rendered":"http:\/\/radiofenix.com.ar\/dos-diputados-del-fdt-presentaron-otro-pedido-de-juicio-politico-a-miembros-de-la-corte\/"},"modified":"2023-01-14T01:04:02","modified_gmt":"2023-01-14T01:04:02","slug":"dos-diputados-del-fdt-presentaron-otro-pedido-de-juicio-politico-a-miembros-de-la-corte","status":"publish","type":"post","link":"https:\/\/radiofenix.com.ar\/2023\/dos-diputados-del-fdt-presentaron-otro-pedido-de-juicio-politico-a-miembros-de-la-corte\/","title":{"rendered":"Dos diputados del FdT presentaron otro pedido de juicio pol\u00edtico a miembros de la Corte"},"content":{"rendered":"<p>Mar\u00eda Rosa Mart\u00ednez y Pablo Carro presentaron una nueva iniciativa, en este caso, relacionada con el manejo de los fondos de la obra social del Poder Judicial. Este pedido se suma al presentado por el bloque oficialista, y a otros preexistentes.Mar\u00eda Rosa Mart\u00ednez y Pablo Carro presentaron una nueva iniciativa, en este caso, relacionada con el manejo de los fondos de la obra social del Poder Judicial. Este pedido se suma al presentado por el bloque oficialista, y a otros preexistentes.<\/p>\n","protected":false},"excerpt":{"rendered":"<p>Mar\u00eda Rosa Mart\u00ednez y Pablo Carro presentaron una nueva iniciativa, en este caso, relacionada con&#8230;<\/p>\n","protected":false},"author":2,"featured_media":159046,"comment_status":"open","ping_status":"open","sticky":false,"template":"","format":"standard","meta":{"footnotes":""},"categories":[2],"tags":[],"class_list":["post-159045","post","type-post","status-publish","format-standard","has-post-thumbnail","hentry","category-politica"],"featured_image_urls":{"full":"","thumbnail":"","medium":"","medium_large":"","large":"","1536x1536":"","2048x2048":"","newsium-slider-full":"","newsium-featured":"","newsium-medium":""},"author_info":{"info":["c1500921"]},"category_info":"<a href=\"https:\/\/radiofenix.com.ar\/2023\/category\/politica\/\" rel=\"category tag\">Pol\u00edtica<\/a>","tag_info":"Pol\u00edtica","comment_count":"0","_links":{"self":[{"href":"https:\/\/radiofenix.com.ar\/2023\/wp-json\/wp\/v2\/posts\/159045","targetHints":{"allow":["GET"]}}],"collection":[{"href":"https:\/\/radiofenix.com.ar\/2023\/wp-json\/wp\/v2\/posts"}],"about":[{"href":"https:\/\/radiofenix.com.ar\/2023\/wp-json\/wp\/v2\/types\/post"}],"author":[{"embeddable":true,"href":"https:\/\/radiofenix.com.ar\/2023\/wp-json\/wp\/v2\/users\/2"}],"replies":[{"embeddable":true,"href":"https:\/\/radiofenix.com.ar\/2023\/wp-json\/wp\/v2\/comments?post=159045"}],"version-history":[{"count":0,"href":"https:\/\/radiofenix.com.ar\/2023\/wp-json\/wp\/v2\/posts\/159045\/revisions"}],"wp:featuredmedia":[{"embeddable":true,"href":"https:\/\/radiofenix.com.ar\/2023\/wp-json\/"}],"wp:attachment":[{"href":"https:\/\/radiofenix.com.ar\/2023\/wp-json\/wp\/v2\/media?parent=159045"}],"wp:term":[{"taxonomy":"category","embeddable":true,"href":"https:\/\/radiofenix.com.ar\/2023\/wp-json\/wp\/v2\/categories?post=159045"},{"taxonomy":"post_tag","embeddable":true,"href":"https:\/\/radiofenix.com.ar\/2023\/wp-json\/wp\/v2\/tags?post=159045"}],"curies":[{"name":"wp","href":"https:\/\/api.w.org\/{rel}","templated":true}]}}