{"id":159057,"date":"2023-01-14T13:04:26","date_gmt":"2023-01-14T13:04:26","guid":{"rendered":"http:\/\/radiofenix.com.ar\/juan-pablo-odezaille-me-resisto-a-creer-que-esta-sea-una-ciudad-de-derecha\/"},"modified":"2023-01-14T13:04:26","modified_gmt":"2023-01-14T13:04:26","slug":"juan-pablo-odezaille-me-resisto-a-creer-que-esta-sea-una-ciudad-de-derecha","status":"publish","type":"post","link":"https:\/\/radiofenix.com.ar\/2023\/juan-pablo-odezaille-me-resisto-a-creer-que-esta-sea-una-ciudad-de-derecha\/","title":{"rendered":"Juan Pablo O&#8217;Dezaille: \u00abMe resisto a creer que esta sea una Ciudad de derecha\u00bb"},"content":{"rendered":"<p>En di\u00e1logo con T\u00e9lam desde la Legislatura, donde desembarc\u00f3 a fin del a\u00f1o pasado, diferenci\u00f3 a la UCR del macrismo -socios en la coalici\u00f3n porte\u00f1a gobernante- porque esa fuerza tiene, a su criterio, \u00abotra visi\u00f3n del desarrollo\u00bb. Consider\u00f3 adem\u00e1s que el gobierno de Larreta no puede poner como \u00abexcusa\u00bb la falta de recursos, en medio del conflicto por la coparticipaci\u00f3n, ya que el presupuesto es \u00abbillonario\u00bb.En di\u00e1logo con T\u00e9lam desde la Legislatura, donde desembarc\u00f3 a fin del a\u00f1o pasado, diferenci\u00f3 a la UCR del macrismo -socios en la coalici\u00f3n porte\u00f1a gobernante- porque esa fuerza tiene, a su criterio, \u00abotra visi\u00f3n del desarrollo\u00bb. Consider\u00f3 adem\u00e1s que el gobierno de Larreta no puede poner como \u00abexcusa\u00bb la falta de recursos, en medio del conflicto por la coparticipaci\u00f3n, ya que el presupuesto es \u00abbillonario\u00bb.<\/p>\n","protected":false},"excerpt":{"rendered":"<p>En di\u00e1logo con T\u00e9lam desde la Legislatura, donde desembarc\u00f3 a fin del a\u00f1o pasado, diferenci\u00f3&#8230;<\/p>\n","protected":false},"author":2,"featured_media":159058,"comment_status":"open","ping_status":"open","sticky":false,"template":"","format":"standard","meta":{"footnotes":""},"categories":[2],"tags":[],"class_list":["post-159057","post","type-post","status-publish","format-standard","has-post-thumbnail","hentry","category-politica"],"featured_image_urls":{"full":"","thumbnail":"","medium":"","medium_large":"","large":"","1536x1536":"","2048x2048":"","newsium-slider-full":"","newsium-featured":"","newsium-medium":""},"author_info":{"info":["c1500921"]},"category_info":"<a href=\"https:\/\/radiofenix.com.ar\/2023\/category\/politica\/\" rel=\"category tag\">Pol\u00edtica<\/a>","tag_info":"Pol\u00edtica","comment_count":"0","_links":{"self":[{"href":"https:\/\/radiofenix.com.ar\/2023\/wp-json\/wp\/v2\/posts\/159057","targetHints":{"allow":["GET"]}}],"collection":[{"href":"https:\/\/radiofenix.com.ar\/2023\/wp-json\/wp\/v2\/posts"}],"about":[{"href":"https:\/\/radiofenix.com.ar\/2023\/wp-json\/wp\/v2\/types\/post"}],"author":[{"embeddable":true,"href":"https:\/\/radiofenix.com.ar\/2023\/wp-json\/wp\/v2\/users\/2"}],"replies":[{"embeddable":true,"href":"https:\/\/radiofenix.com.ar\/2023\/wp-json\/wp\/v2\/comments?post=159057"}],"version-history":[{"count":0,"href":"https:\/\/radiofenix.com.ar\/2023\/wp-json\/wp\/v2\/posts\/159057\/revisions"}],"wp:featuredmedia":[{"embeddable":true,"href":"https:\/\/radiofenix.com.ar\/2023\/wp-json\/"}],"wp:attachment":[{"href":"https:\/\/radiofenix.com.ar\/2023\/wp-json\/wp\/v2\/media?parent=159057"}],"wp:term":[{"taxonomy":"category","embeddable":true,"href":"https:\/\/radiofenix.com.ar\/2023\/wp-json\/wp\/v2\/categories?post=159057"},{"taxonomy":"post_tag","embeddable":true,"href":"https:\/\/radiofenix.com.ar\/2023\/wp-json\/wp\/v2\/tags?post=159057"}],"curies":[{"name":"wp","href":"https:\/\/api.w.org\/{rel}","templated":true}]}}