{"id":159079,"date":"2023-01-14T16:04:17","date_gmt":"2023-01-14T16:04:17","guid":{"rendered":"http:\/\/radiofenix.com.ar\/valdes-la-oposicion-no-puede-paralizar-el-congreso-por-el-juicio-a-la-corte\/"},"modified":"2023-01-14T16:04:17","modified_gmt":"2023-01-14T16:04:17","slug":"valdes-la-oposicion-no-puede-paralizar-el-congreso-por-el-juicio-a-la-corte","status":"publish","type":"post","link":"https:\/\/radiofenix.com.ar\/2023\/valdes-la-oposicion-no-puede-paralizar-el-congreso-por-el-juicio-a-la-corte\/","title":{"rendered":"Vald\u00e9s: \u00abLa oposici\u00f3n no puede paralizar el Congreso\u00bb por el juicio a la Corte"},"content":{"rendered":"<p>Para el\u00a0diputado nacional del Frente de Todos, Juntos por el Cambio \u00abha hecho de los intereses la Corte Suprema su propia causa\u00bb, aunque se mostr\u00f3 esperanzado de que \u00abla pol\u00e9mica va a serenarse y se tratar\u00e1 el juicio pol\u00edtico as\u00ed como los otros proyectos de ley previstos en el llamado a extraordinarias\u00bb.Para el\u00a0diputado nacional del Frente de Todos, Juntos por el Cambio \u00abha hecho de los intereses la Corte Suprema su propia causa\u00bb, aunque se mostr\u00f3 esperanzado de que \u00abla pol\u00e9mica va a serenarse y se tratar\u00e1 el juicio pol\u00edtico as\u00ed como los otros proyectos de ley previstos en el llamado a extraordinarias\u00bb.<\/p>\n","protected":false},"excerpt":{"rendered":"<p>Para el\u00a0diputado nacional del Frente de Todos, Juntos por el Cambio \u00abha hecho de los&#8230;<\/p>\n","protected":false},"author":2,"featured_media":159080,"comment_status":"open","ping_status":"open","sticky":false,"template":"","format":"standard","meta":{"footnotes":""},"categories":[2],"tags":[],"class_list":["post-159079","post","type-post","status-publish","format-standard","has-post-thumbnail","hentry","category-politica"],"featured_image_urls":{"full":"","thumbnail":"","medium":"","medium_large":"","large":"","1536x1536":"","2048x2048":"","newsium-slider-full":"","newsium-featured":"","newsium-medium":""},"author_info":{"info":["c1500921"]},"category_info":"<a href=\"https:\/\/radiofenix.com.ar\/2023\/category\/politica\/\" rel=\"category tag\">Pol\u00edtica<\/a>","tag_info":"Pol\u00edtica","comment_count":"0","_links":{"self":[{"href":"https:\/\/radiofenix.com.ar\/2023\/wp-json\/wp\/v2\/posts\/159079","targetHints":{"allow":["GET"]}}],"collection":[{"href":"https:\/\/radiofenix.com.ar\/2023\/wp-json\/wp\/v2\/posts"}],"about":[{"href":"https:\/\/radiofenix.com.ar\/2023\/wp-json\/wp\/v2\/types\/post"}],"author":[{"embeddable":true,"href":"https:\/\/radiofenix.com.ar\/2023\/wp-json\/wp\/v2\/users\/2"}],"replies":[{"embeddable":true,"href":"https:\/\/radiofenix.com.ar\/2023\/wp-json\/wp\/v2\/comments?post=159079"}],"version-history":[{"count":0,"href":"https:\/\/radiofenix.com.ar\/2023\/wp-json\/wp\/v2\/posts\/159079\/revisions"}],"wp:featuredmedia":[{"embeddable":true,"href":"https:\/\/radiofenix.com.ar\/2023\/wp-json\/"}],"wp:attachment":[{"href":"https:\/\/radiofenix.com.ar\/2023\/wp-json\/wp\/v2\/media?parent=159079"}],"wp:term":[{"taxonomy":"category","embeddable":true,"href":"https:\/\/radiofenix.com.ar\/2023\/wp-json\/wp\/v2\/categories?post=159079"},{"taxonomy":"post_tag","embeddable":true,"href":"https:\/\/radiofenix.com.ar\/2023\/wp-json\/wp\/v2\/tags?post=159079"}],"curies":[{"name":"wp","href":"https:\/\/api.w.org\/{rel}","templated":true}]}}