{"id":159087,"date":"2023-01-14T16:45:00","date_gmt":"2023-01-14T16:45:00","guid":{"rendered":"http:\/\/radiofenix.com.ar\/un-hallazgo-inconcluso-y-una-cinta-que-refleja-al-siglo-xx-en-una-familia\/"},"modified":"2023-01-14T16:45:00","modified_gmt":"2023-01-14T16:45:00","slug":"un-hallazgo-inconcluso-y-una-cinta-que-refleja-al-siglo-xx-en-una-familia","status":"publish","type":"post","link":"https:\/\/radiofenix.com.ar\/2023\/un-hallazgo-inconcluso-y-una-cinta-que-refleja-al-siglo-xx-en-una-familia\/","title":{"rendered":"Un hallazgo inconcluso y una cinta que refleja al siglo XX en una familia"},"content":{"rendered":"<p>Se trata de la nueva pel\u00edcula de Amparo Aguilar, quien en di\u00e1logo con T\u00e9lam repasa la historia plasmada en la piel de la familia de la directora, con la excusa del incompleto hallazgo de las latas de la \u00fanica pel\u00edcula surrealista argentina, tesoro anhelado por la cinefilia mundial.Se trata de la nueva pel\u00edcula de Amparo Aguilar, quien en di\u00e1logo con T\u00e9lam repasa la historia plasmada en la piel de la familia de la directora, con la excusa del incompleto hallazgo de las latas de la \u00fanica pel\u00edcula surrealista argentina, tesoro anhelado por la cinefilia mundial.<\/p>\n","protected":false},"excerpt":{"rendered":"<p>Se trata de la nueva pel\u00edcula de Amparo Aguilar, quien en di\u00e1logo con T\u00e9lam repasa&#8230;<\/p>\n","protected":false},"author":2,"featured_media":159088,"comment_status":"open","ping_status":"open","sticky":false,"template":"","format":"standard","meta":{"footnotes":""},"categories":[4],"tags":[],"class_list":["post-159087","post","type-post","status-publish","format-standard","has-post-thumbnail","hentry","category-espectaculos"],"featured_image_urls":{"full":"","thumbnail":"","medium":"","medium_large":"","large":"","1536x1536":"","2048x2048":"","newsium-slider-full":"","newsium-featured":"","newsium-medium":""},"author_info":{"info":["c1500921"]},"category_info":"<a href=\"https:\/\/radiofenix.com.ar\/2023\/category\/espectaculos\/\" rel=\"category tag\">Espectaculos<\/a>","tag_info":"Espectaculos","comment_count":"0","_links":{"self":[{"href":"https:\/\/radiofenix.com.ar\/2023\/wp-json\/wp\/v2\/posts\/159087","targetHints":{"allow":["GET"]}}],"collection":[{"href":"https:\/\/radiofenix.com.ar\/2023\/wp-json\/wp\/v2\/posts"}],"about":[{"href":"https:\/\/radiofenix.com.ar\/2023\/wp-json\/wp\/v2\/types\/post"}],"author":[{"embeddable":true,"href":"https:\/\/radiofenix.com.ar\/2023\/wp-json\/wp\/v2\/users\/2"}],"replies":[{"embeddable":true,"href":"https:\/\/radiofenix.com.ar\/2023\/wp-json\/wp\/v2\/comments?post=159087"}],"version-history":[{"count":0,"href":"https:\/\/radiofenix.com.ar\/2023\/wp-json\/wp\/v2\/posts\/159087\/revisions"}],"wp:featuredmedia":[{"embeddable":true,"href":"https:\/\/radiofenix.com.ar\/2023\/wp-json\/"}],"wp:attachment":[{"href":"https:\/\/radiofenix.com.ar\/2023\/wp-json\/wp\/v2\/media?parent=159087"}],"wp:term":[{"taxonomy":"category","embeddable":true,"href":"https:\/\/radiofenix.com.ar\/2023\/wp-json\/wp\/v2\/categories?post=159087"},{"taxonomy":"post_tag","embeddable":true,"href":"https:\/\/radiofenix.com.ar\/2023\/wp-json\/wp\/v2\/tags?post=159087"}],"curies":[{"name":"wp","href":"https:\/\/api.w.org\/{rel}","templated":true}]}}