{"id":159097,"date":"2023-01-14T18:04:13","date_gmt":"2023-01-14T18:04:13","guid":{"rendered":"http:\/\/radiofenix.com.ar\/utilizar-un-mecanismo-previsto-en-la-constitucion-reafirma-la-democracia-2\/"},"modified":"2023-01-14T18:04:13","modified_gmt":"2023-01-14T18:04:13","slug":"utilizar-un-mecanismo-previsto-en-la-constitucion-reafirma-la-democracia-2","status":"publish","type":"post","link":"https:\/\/radiofenix.com.ar\/2023\/utilizar-un-mecanismo-previsto-en-la-constitucion-reafirma-la-democracia-2\/","title":{"rendered":"\u00abUtilizar un mecanismo previsto en la Constituci\u00f3n reafirma la democracia\u00bb"},"content":{"rendered":"<p>En di\u00e1logo con T\u00e9lam, el\u00a0abogado constitucionalista analiza la decisi\u00f3n del Gobierno nacional de promover el juicio pol\u00edtico a los jueces de la Corte Suprema de Justicia.En di\u00e1logo con T\u00e9lam, el\u00a0abogado constitucionalista analiza la decisi\u00f3n del Gobierno nacional de promover el juicio pol\u00edtico a los jueces de la Corte Suprema de Justicia.<\/p>\n","protected":false},"excerpt":{"rendered":"<p>En di\u00e1logo con T\u00e9lam, el\u00a0abogado constitucionalista analiza la decisi\u00f3n del Gobierno nacional de promover el&#8230;<\/p>\n","protected":false},"author":2,"featured_media":159098,"comment_status":"open","ping_status":"open","sticky":false,"template":"","format":"standard","meta":{"footnotes":""},"categories":[2],"tags":[],"class_list":["post-159097","post","type-post","status-publish","format-standard","has-post-thumbnail","hentry","category-politica"],"featured_image_urls":{"full":"","thumbnail":"","medium":"","medium_large":"","large":"","1536x1536":"","2048x2048":"","newsium-slider-full":"","newsium-featured":"","newsium-medium":""},"author_info":{"info":["c1500921"]},"category_info":"<a href=\"https:\/\/radiofenix.com.ar\/2023\/category\/politica\/\" rel=\"category tag\">Pol\u00edtica<\/a>","tag_info":"Pol\u00edtica","comment_count":"0","_links":{"self":[{"href":"https:\/\/radiofenix.com.ar\/2023\/wp-json\/wp\/v2\/posts\/159097","targetHints":{"allow":["GET"]}}],"collection":[{"href":"https:\/\/radiofenix.com.ar\/2023\/wp-json\/wp\/v2\/posts"}],"about":[{"href":"https:\/\/radiofenix.com.ar\/2023\/wp-json\/wp\/v2\/types\/post"}],"author":[{"embeddable":true,"href":"https:\/\/radiofenix.com.ar\/2023\/wp-json\/wp\/v2\/users\/2"}],"replies":[{"embeddable":true,"href":"https:\/\/radiofenix.com.ar\/2023\/wp-json\/wp\/v2\/comments?post=159097"}],"version-history":[{"count":0,"href":"https:\/\/radiofenix.com.ar\/2023\/wp-json\/wp\/v2\/posts\/159097\/revisions"}],"wp:featuredmedia":[{"embeddable":true,"href":"https:\/\/radiofenix.com.ar\/2023\/wp-json\/"}],"wp:attachment":[{"href":"https:\/\/radiofenix.com.ar\/2023\/wp-json\/wp\/v2\/media?parent=159097"}],"wp:term":[{"taxonomy":"category","embeddable":true,"href":"https:\/\/radiofenix.com.ar\/2023\/wp-json\/wp\/v2\/categories?post=159097"},{"taxonomy":"post_tag","embeddable":true,"href":"https:\/\/radiofenix.com.ar\/2023\/wp-json\/wp\/v2\/tags?post=159097"}],"curies":[{"name":"wp","href":"https:\/\/api.w.org\/{rel}","templated":true}]}}