{"id":159103,"date":"2023-01-14T18:04:18","date_gmt":"2023-01-14T18:04:18","guid":{"rendered":"http:\/\/radiofenix.com.ar\/el-abierto-de-australia-arranca-con-la-expectativa-de-otro-duelo-entre-nadal-y-djokovic\/"},"modified":"2023-01-14T18:04:18","modified_gmt":"2023-01-14T18:04:18","slug":"el-abierto-de-australia-arranca-con-la-expectativa-de-otro-duelo-entre-nadal-y-djokovic","status":"publish","type":"post","link":"https:\/\/radiofenix.com.ar\/2023\/el-abierto-de-australia-arranca-con-la-expectativa-de-otro-duelo-entre-nadal-y-djokovic\/","title":{"rendered":"El Abierto de Australia arranca con la expectativa de otro duelo entre Nadal y Djokovic"},"content":{"rendered":"<p>El espa\u00f1ol\u00a0defender\u00e1 el t\u00edtulo del primer Grand Slam del a\u00f1o con el serbio como principal amenaza en su regreso al pa\u00eds oce\u00e1nico.<\/p>\n","protected":false},"excerpt":{"rendered":"<p>El espa\u00f1ol\u00a0defender\u00e1 el t\u00edtulo del primer Grand Slam del a\u00f1o con el serbio como principal&#8230;<\/p>\n","protected":false},"author":2,"featured_media":159104,"comment_status":"open","ping_status":"open","sticky":false,"template":"","format":"standard","meta":{"footnotes":""},"categories":[3],"tags":[],"class_list":["post-159103","post","type-post","status-publish","format-standard","has-post-thumbnail","hentry","category-deportes"],"featured_image_urls":{"full":"","thumbnail":"","medium":"","medium_large":"","large":"","1536x1536":"","2048x2048":"","newsium-slider-full":"","newsium-featured":"","newsium-medium":""},"author_info":{"info":["c1500921"]},"category_info":"<a href=\"https:\/\/radiofenix.com.ar\/2023\/category\/deportes\/\" rel=\"category tag\">Deportes<\/a>","tag_info":"Deportes","comment_count":"0","_links":{"self":[{"href":"https:\/\/radiofenix.com.ar\/2023\/wp-json\/wp\/v2\/posts\/159103","targetHints":{"allow":["GET"]}}],"collection":[{"href":"https:\/\/radiofenix.com.ar\/2023\/wp-json\/wp\/v2\/posts"}],"about":[{"href":"https:\/\/radiofenix.com.ar\/2023\/wp-json\/wp\/v2\/types\/post"}],"author":[{"embeddable":true,"href":"https:\/\/radiofenix.com.ar\/2023\/wp-json\/wp\/v2\/users\/2"}],"replies":[{"embeddable":true,"href":"https:\/\/radiofenix.com.ar\/2023\/wp-json\/wp\/v2\/comments?post=159103"}],"version-history":[{"count":0,"href":"https:\/\/radiofenix.com.ar\/2023\/wp-json\/wp\/v2\/posts\/159103\/revisions"}],"wp:featuredmedia":[{"embeddable":true,"href":"https:\/\/radiofenix.com.ar\/2023\/wp-json\/"}],"wp:attachment":[{"href":"https:\/\/radiofenix.com.ar\/2023\/wp-json\/wp\/v2\/media?parent=159103"}],"wp:term":[{"taxonomy":"category","embeddable":true,"href":"https:\/\/radiofenix.com.ar\/2023\/wp-json\/wp\/v2\/categories?post=159103"},{"taxonomy":"post_tag","embeddable":true,"href":"https:\/\/radiofenix.com.ar\/2023\/wp-json\/wp\/v2\/tags?post=159103"}],"curies":[{"name":"wp","href":"https:\/\/api.w.org\/{rel}","templated":true}]}}