{"id":159117,"date":"2023-01-14T20:31:00","date_gmt":"2023-01-14T20:31:00","guid":{"rendered":"http:\/\/radiofenix.com.ar\/la-expoindustria-de-cannabis-y-canamo-reunira-a-empresarios-e-inversores\/"},"modified":"2023-01-14T20:31:00","modified_gmt":"2023-01-14T20:31:00","slug":"la-expoindustria-de-cannabis-y-canamo-reunira-a-empresarios-e-inversores","status":"publish","type":"post","link":"https:\/\/radiofenix.com.ar\/2023\/la-expoindustria-de-cannabis-y-canamo-reunira-a-empresarios-e-inversores\/","title":{"rendered":"La expoindustria de cannabis y c\u00e1\u00f1amo reunir\u00e1 a empresarios e inversores"},"content":{"rendered":"<p>Leandro Ayala, presidente de la Confederaci\u00f3n Cann\u00e1bica Argentina, celebr\u00f3 \u00abla posibilidad de congregar en un mismo espacio a empresas peque\u00f1as, medianas y grandes de Argentina y de todo el mundo\u00bb.<\/p>\n","protected":false},"excerpt":{"rendered":"<p>Leandro Ayala, presidente de la Confederaci\u00f3n Cann\u00e1bica Argentina, celebr\u00f3 \u00abla posibilidad de congregar en un&#8230;<\/p>\n","protected":false},"author":2,"featured_media":159118,"comment_status":"open","ping_status":"open","sticky":false,"template":"","format":"standard","meta":{"footnotes":""},"categories":[5],"tags":[],"class_list":["post-159117","post","type-post","status-publish","format-standard","has-post-thumbnail","hentry","category-economia"],"featured_image_urls":{"full":"","thumbnail":"","medium":"","medium_large":"","large":"","1536x1536":"","2048x2048":"","newsium-slider-full":"","newsium-featured":"","newsium-medium":""},"author_info":{"info":["c1500921"]},"category_info":"<a href=\"https:\/\/radiofenix.com.ar\/2023\/category\/economia\/\" rel=\"category tag\">Economia<\/a>","tag_info":"Economia","comment_count":"0","_links":{"self":[{"href":"https:\/\/radiofenix.com.ar\/2023\/wp-json\/wp\/v2\/posts\/159117","targetHints":{"allow":["GET"]}}],"collection":[{"href":"https:\/\/radiofenix.com.ar\/2023\/wp-json\/wp\/v2\/posts"}],"about":[{"href":"https:\/\/radiofenix.com.ar\/2023\/wp-json\/wp\/v2\/types\/post"}],"author":[{"embeddable":true,"href":"https:\/\/radiofenix.com.ar\/2023\/wp-json\/wp\/v2\/users\/2"}],"replies":[{"embeddable":true,"href":"https:\/\/radiofenix.com.ar\/2023\/wp-json\/wp\/v2\/comments?post=159117"}],"version-history":[{"count":0,"href":"https:\/\/radiofenix.com.ar\/2023\/wp-json\/wp\/v2\/posts\/159117\/revisions"}],"wp:featuredmedia":[{"embeddable":true,"href":"https:\/\/radiofenix.com.ar\/2023\/wp-json\/"}],"wp:attachment":[{"href":"https:\/\/radiofenix.com.ar\/2023\/wp-json\/wp\/v2\/media?parent=159117"}],"wp:term":[{"taxonomy":"category","embeddable":true,"href":"https:\/\/radiofenix.com.ar\/2023\/wp-json\/wp\/v2\/categories?post=159117"},{"taxonomy":"post_tag","embeddable":true,"href":"https:\/\/radiofenix.com.ar\/2023\/wp-json\/wp\/v2\/tags?post=159117"}],"curies":[{"name":"wp","href":"https:\/\/api.w.org\/{rel}","templated":true}]}}