{"id":159171,"date":"2023-01-15T18:04:03","date_gmt":"2023-01-15T18:04:03","guid":{"rendered":"http:\/\/radiofenix.com.ar\/vuelve-la-actividad-parlamentaria-con-el-foco-en-el-juicio-politico-a-la-corte-suprema\/"},"modified":"2023-01-15T18:04:03","modified_gmt":"2023-01-15T18:04:03","slug":"vuelve-la-actividad-parlamentaria-con-el-foco-en-el-juicio-politico-a-la-corte-suprema","status":"publish","type":"post","link":"https:\/\/radiofenix.com.ar\/2023\/vuelve-la-actividad-parlamentaria-con-el-foco-en-el-juicio-politico-a-la-corte-suprema\/","title":{"rendered":"Vuelve la actividad parlamentaria con el foco en el juicio pol\u00edtico a la Corte Suprema"},"content":{"rendered":"<p>Adem\u00e1s del pedido en contra de los miembros del alto tribunal, est\u00e1n en agenda una veitena de temas que Juntos por el Cambio se niega a tratar. \u00abLa intenci\u00f3n de JxC es paralizar el Congreso\u00bb, denunci\u00f3 el oficialismo.Adem\u00e1s del pedido en contra de los miembros del alto tribunal, est\u00e1n en agenda una veitena de temas que Juntos por el Cambio se niega a tratar. \u00abLa intenci\u00f3n de JxC es paralizar el Congreso\u00bb, denunci\u00f3 el oficialismo.<\/p>\n","protected":false},"excerpt":{"rendered":"<p>Adem\u00e1s del pedido en contra de los miembros del alto tribunal, est\u00e1n en agenda una&#8230;<\/p>\n","protected":false},"author":2,"featured_media":159172,"comment_status":"open","ping_status":"open","sticky":false,"template":"","format":"standard","meta":{"footnotes":""},"categories":[2],"tags":[],"class_list":["post-159171","post","type-post","status-publish","format-standard","has-post-thumbnail","hentry","category-politica"],"featured_image_urls":{"full":"","thumbnail":"","medium":"","medium_large":"","large":"","1536x1536":"","2048x2048":"","newsium-slider-full":"","newsium-featured":"","newsium-medium":""},"author_info":{"info":["c1500921"]},"category_info":"<a href=\"https:\/\/radiofenix.com.ar\/2023\/category\/politica\/\" rel=\"category tag\">Pol\u00edtica<\/a>","tag_info":"Pol\u00edtica","comment_count":"0","_links":{"self":[{"href":"https:\/\/radiofenix.com.ar\/2023\/wp-json\/wp\/v2\/posts\/159171","targetHints":{"allow":["GET"]}}],"collection":[{"href":"https:\/\/radiofenix.com.ar\/2023\/wp-json\/wp\/v2\/posts"}],"about":[{"href":"https:\/\/radiofenix.com.ar\/2023\/wp-json\/wp\/v2\/types\/post"}],"author":[{"embeddable":true,"href":"https:\/\/radiofenix.com.ar\/2023\/wp-json\/wp\/v2\/users\/2"}],"replies":[{"embeddable":true,"href":"https:\/\/radiofenix.com.ar\/2023\/wp-json\/wp\/v2\/comments?post=159171"}],"version-history":[{"count":0,"href":"https:\/\/radiofenix.com.ar\/2023\/wp-json\/wp\/v2\/posts\/159171\/revisions"}],"wp:featuredmedia":[{"embeddable":true,"href":"https:\/\/radiofenix.com.ar\/2023\/wp-json\/"}],"wp:attachment":[{"href":"https:\/\/radiofenix.com.ar\/2023\/wp-json\/wp\/v2\/media?parent=159171"}],"wp:term":[{"taxonomy":"category","embeddable":true,"href":"https:\/\/radiofenix.com.ar\/2023\/wp-json\/wp\/v2\/categories?post=159171"},{"taxonomy":"post_tag","embeddable":true,"href":"https:\/\/radiofenix.com.ar\/2023\/wp-json\/wp\/v2\/tags?post=159171"}],"curies":[{"name":"wp","href":"https:\/\/api.w.org\/{rel}","templated":true}]}}