{"id":159181,"date":"2023-01-15T19:08:00","date_gmt":"2023-01-15T19:08:00","guid":{"rendered":"http:\/\/radiofenix.com.ar\/llovizna-sol-magia-y-montanas-en-el-exitoso-festival-hacedoras-en-bariloche\/"},"modified":"2023-01-15T19:08:00","modified_gmt":"2023-01-15T19:08:00","slug":"llovizna-sol-magia-y-montanas-en-el-exitoso-festival-hacedoras-en-bariloche","status":"publish","type":"post","link":"https:\/\/radiofenix.com.ar\/2023\/llovizna-sol-magia-y-montanas-en-el-exitoso-festival-hacedoras-en-bariloche\/","title":{"rendered":"Llovizna, sol, magia y monta\u00f1as en el exitoso Festival Hacedoras en Bariloche"},"content":{"rendered":"<p>&amp;ldquo;Fue un evento espectacular&amp;rdquo;, dijo a T\u00e9lam la presidenta de la cooperativa Hacedoras y directora del festival, Nanu Rodr\u00edguez, y en este sentido a\u00f1adi\u00f3 que &amp;ldquo;han pasado en total alrededor de 7 mil personas entre la fiesta Bresh y el Festival&amp;rdquo;.&amp;ldquo;Fue un evento espectacular&amp;rdquo;, dijo a T\u00e9lam la presidenta de la cooperativa Hacedoras y directora del festival, Nanu Rodr\u00edguez, y en este sentido a\u00f1adi\u00f3 que &amp;ldquo;han pasado en total alrededor de 7 mil personas entre la fiesta Bresh y el Festival&amp;rdquo;.<\/p>\n","protected":false},"excerpt":{"rendered":"<p>&amp;ldquo;Fue un evento espectacular&amp;rdquo;, dijo a T\u00e9lam la presidenta de la cooperativa Hacedoras y directora&#8230;<\/p>\n","protected":false},"author":2,"featured_media":159182,"comment_status":"open","ping_status":"open","sticky":false,"template":"","format":"standard","meta":{"footnotes":""},"categories":[4],"tags":[],"class_list":["post-159181","post","type-post","status-publish","format-standard","has-post-thumbnail","hentry","category-espectaculos"],"featured_image_urls":{"full":"","thumbnail":"","medium":"","medium_large":"","large":"","1536x1536":"","2048x2048":"","newsium-slider-full":"","newsium-featured":"","newsium-medium":""},"author_info":{"info":["c1500921"]},"category_info":"<a href=\"https:\/\/radiofenix.com.ar\/2023\/category\/espectaculos\/\" rel=\"category tag\">Espectaculos<\/a>","tag_info":"Espectaculos","comment_count":"0","_links":{"self":[{"href":"https:\/\/radiofenix.com.ar\/2023\/wp-json\/wp\/v2\/posts\/159181","targetHints":{"allow":["GET"]}}],"collection":[{"href":"https:\/\/radiofenix.com.ar\/2023\/wp-json\/wp\/v2\/posts"}],"about":[{"href":"https:\/\/radiofenix.com.ar\/2023\/wp-json\/wp\/v2\/types\/post"}],"author":[{"embeddable":true,"href":"https:\/\/radiofenix.com.ar\/2023\/wp-json\/wp\/v2\/users\/2"}],"replies":[{"embeddable":true,"href":"https:\/\/radiofenix.com.ar\/2023\/wp-json\/wp\/v2\/comments?post=159181"}],"version-history":[{"count":0,"href":"https:\/\/radiofenix.com.ar\/2023\/wp-json\/wp\/v2\/posts\/159181\/revisions"}],"wp:featuredmedia":[{"embeddable":true,"href":"https:\/\/radiofenix.com.ar\/2023\/wp-json\/"}],"wp:attachment":[{"href":"https:\/\/radiofenix.com.ar\/2023\/wp-json\/wp\/v2\/media?parent=159181"}],"wp:term":[{"taxonomy":"category","embeddable":true,"href":"https:\/\/radiofenix.com.ar\/2023\/wp-json\/wp\/v2\/categories?post=159181"},{"taxonomy":"post_tag","embeddable":true,"href":"https:\/\/radiofenix.com.ar\/2023\/wp-json\/wp\/v2\/tags?post=159181"}],"curies":[{"name":"wp","href":"https:\/\/api.w.org\/{rel}","templated":true}]}}