{"id":159187,"date":"2023-01-15T20:04:23","date_gmt":"2023-01-15T20:04:23","guid":{"rendered":"http:\/\/radiofenix.com.ar\/milagro-sala-lleva-siete-anos-presa-y-denuncia-una-persecucion-del-gobierno-de-jujuy\/"},"modified":"2023-01-15T20:04:23","modified_gmt":"2023-01-15T20:04:23","slug":"milagro-sala-lleva-siete-anos-presa-y-denuncia-una-persecucion-del-gobierno-de-jujuy","status":"publish","type":"post","link":"https:\/\/radiofenix.com.ar\/2023\/milagro-sala-lleva-siete-anos-presa-y-denuncia-una-persecucion-del-gobierno-de-jujuy\/","title":{"rendered":"Milagro Sala lleva siete a\u00f1os presa y denuncia una \u00abpersecuci\u00f3n\u00bb del Gobierno de Jujuy"},"content":{"rendered":"<p>Una protesta para exigir informaci\u00f3n sobre el funcionamiento de cooperativas de trabajo deriv\u00f3 en la detenci\u00f3n de la dirigente social por \u00abinstigaci\u00f3n a cometer ilicitos\u00bb.\u00a0Una protesta para exigir informaci\u00f3n sobre el funcionamiento de cooperativas de trabajo deriv\u00f3 en la detenci\u00f3n de la dirigente social por \u00abinstigaci\u00f3n a cometer ilicitos\u00bb.\u00a0<\/p>\n","protected":false},"excerpt":{"rendered":"<p>Una protesta para exigir informaci\u00f3n sobre el funcionamiento de cooperativas de trabajo deriv\u00f3 en la&#8230;<\/p>\n","protected":false},"author":2,"featured_media":159188,"comment_status":"open","ping_status":"open","sticky":false,"template":"","format":"standard","meta":{"footnotes":""},"categories":[2],"tags":[],"class_list":["post-159187","post","type-post","status-publish","format-standard","has-post-thumbnail","hentry","category-politica"],"featured_image_urls":{"full":"","thumbnail":"","medium":"","medium_large":"","large":"","1536x1536":"","2048x2048":"","newsium-slider-full":"","newsium-featured":"","newsium-medium":""},"author_info":{"info":["c1500921"]},"category_info":"<a href=\"https:\/\/radiofenix.com.ar\/2023\/category\/politica\/\" rel=\"category tag\">Pol\u00edtica<\/a>","tag_info":"Pol\u00edtica","comment_count":"0","_links":{"self":[{"href":"https:\/\/radiofenix.com.ar\/2023\/wp-json\/wp\/v2\/posts\/159187","targetHints":{"allow":["GET"]}}],"collection":[{"href":"https:\/\/radiofenix.com.ar\/2023\/wp-json\/wp\/v2\/posts"}],"about":[{"href":"https:\/\/radiofenix.com.ar\/2023\/wp-json\/wp\/v2\/types\/post"}],"author":[{"embeddable":true,"href":"https:\/\/radiofenix.com.ar\/2023\/wp-json\/wp\/v2\/users\/2"}],"replies":[{"embeddable":true,"href":"https:\/\/radiofenix.com.ar\/2023\/wp-json\/wp\/v2\/comments?post=159187"}],"version-history":[{"count":0,"href":"https:\/\/radiofenix.com.ar\/2023\/wp-json\/wp\/v2\/posts\/159187\/revisions"}],"wp:featuredmedia":[{"embeddable":true,"href":"https:\/\/radiofenix.com.ar\/2023\/wp-json\/"}],"wp:attachment":[{"href":"https:\/\/radiofenix.com.ar\/2023\/wp-json\/wp\/v2\/media?parent=159187"}],"wp:term":[{"taxonomy":"category","embeddable":true,"href":"https:\/\/radiofenix.com.ar\/2023\/wp-json\/wp\/v2\/categories?post=159187"},{"taxonomy":"post_tag","embeddable":true,"href":"https:\/\/radiofenix.com.ar\/2023\/wp-json\/wp\/v2\/tags?post=159187"}],"curies":[{"name":"wp","href":"https:\/\/api.w.org\/{rel}","templated":true}]}}