{"id":159189,"date":"2023-01-15T20:04:23","date_gmt":"2023-01-15T20:04:23","guid":{"rendered":"http:\/\/radiofenix.com.ar\/a-siete-anos-de-su-detencion-milagro-sala-reitero-su-deseo-de-recibir-el-indulto\/"},"modified":"2023-01-15T20:04:23","modified_gmt":"2023-01-15T20:04:23","slug":"a-siete-anos-de-su-detencion-milagro-sala-reitero-su-deseo-de-recibir-el-indulto","status":"publish","type":"post","link":"https:\/\/radiofenix.com.ar\/2023\/a-siete-anos-de-su-detencion-milagro-sala-reitero-su-deseo-de-recibir-el-indulto\/","title":{"rendered":"A siete a\u00f1os de su detenci\u00f3n, Milagro Sala reiter\u00f3 su deseo de recibir el indulto"},"content":{"rendered":"<p>\u00abSi me preguntaban hace dos a\u00f1os sobre el indulto, hubiese dicho que no. Que no al indulto porque ten\u00eda una peque\u00f1a esperanza de que la Corte Suprema revise el expediente de pies a cabeza\u00bb, expres\u00f3 Sala en una entrevista al tiempo que manifest\u00f3 que a d\u00eda de hoy dir\u00eda que s\u00ed lo quiere.\u00bbSi me preguntaban hace dos a\u00f1os sobre el indulto, hubiese dicho que no. Que no al indulto porque ten\u00eda una peque\u00f1a esperanza de que la Corte Suprema revise el expediente de pies a cabeza\u00bb, expres\u00f3 Sala en una entrevista al tiempo que manifest\u00f3 que a d\u00eda de hoy dir\u00eda que s\u00ed lo quiere.<\/p>\n","protected":false},"excerpt":{"rendered":"<p>\u00abSi me preguntaban hace dos a\u00f1os sobre el indulto, hubiese dicho que no. Que no&#8230;<\/p>\n","protected":false},"author":2,"featured_media":159190,"comment_status":"open","ping_status":"open","sticky":false,"template":"","format":"standard","meta":{"footnotes":""},"categories":[2],"tags":[],"class_list":["post-159189","post","type-post","status-publish","format-standard","has-post-thumbnail","hentry","category-politica"],"featured_image_urls":{"full":"","thumbnail":"","medium":"","medium_large":"","large":"","1536x1536":"","2048x2048":"","newsium-slider-full":"","newsium-featured":"","newsium-medium":""},"author_info":{"info":["c1500921"]},"category_info":"<a href=\"https:\/\/radiofenix.com.ar\/2023\/category\/politica\/\" rel=\"category tag\">Pol\u00edtica<\/a>","tag_info":"Pol\u00edtica","comment_count":"0","_links":{"self":[{"href":"https:\/\/radiofenix.com.ar\/2023\/wp-json\/wp\/v2\/posts\/159189","targetHints":{"allow":["GET"]}}],"collection":[{"href":"https:\/\/radiofenix.com.ar\/2023\/wp-json\/wp\/v2\/posts"}],"about":[{"href":"https:\/\/radiofenix.com.ar\/2023\/wp-json\/wp\/v2\/types\/post"}],"author":[{"embeddable":true,"href":"https:\/\/radiofenix.com.ar\/2023\/wp-json\/wp\/v2\/users\/2"}],"replies":[{"embeddable":true,"href":"https:\/\/radiofenix.com.ar\/2023\/wp-json\/wp\/v2\/comments?post=159189"}],"version-history":[{"count":0,"href":"https:\/\/radiofenix.com.ar\/2023\/wp-json\/wp\/v2\/posts\/159189\/revisions"}],"wp:featuredmedia":[{"embeddable":true,"href":"https:\/\/radiofenix.com.ar\/2023\/wp-json\/"}],"wp:attachment":[{"href":"https:\/\/radiofenix.com.ar\/2023\/wp-json\/wp\/v2\/media?parent=159189"}],"wp:term":[{"taxonomy":"category","embeddable":true,"href":"https:\/\/radiofenix.com.ar\/2023\/wp-json\/wp\/v2\/categories?post=159189"},{"taxonomy":"post_tag","embeddable":true,"href":"https:\/\/radiofenix.com.ar\/2023\/wp-json\/wp\/v2\/tags?post=159189"}],"curies":[{"name":"wp","href":"https:\/\/api.w.org\/{rel}","templated":true}]}}