{"id":159195,"date":"2023-01-15T22:04:01","date_gmt":"2023-01-15T22:04:01","guid":{"rendered":"http:\/\/radiofenix.com.ar\/fernandez-y-massa-analizaron-el-acuerdo-de-integracion-economica-con-brasil\/"},"modified":"2023-01-15T22:04:01","modified_gmt":"2023-01-15T22:04:01","slug":"fernandez-y-massa-analizaron-el-acuerdo-de-integracion-economica-con-brasil","status":"publish","type":"post","link":"https:\/\/radiofenix.com.ar\/2023\/fernandez-y-massa-analizaron-el-acuerdo-de-integracion-economica-con-brasil\/","title":{"rendered":"Fern\u00e1ndez y Massa analizaron el acuerdo de integraci\u00f3n econ\u00f3mica con Brasil"},"content":{"rendered":"<p>Lo comunic\u00f3 el Presidente en sus redes sociales. Fern\u00e1ndez\u00a0se reunir\u00e1 Lula da Silva, quien asistir\u00e1 tambi\u00e9n a la VII Cumbre de Jefes de Estado y de Gobierno de la Comunidad de Estados Latinoamericanos y Caribe\u00f1os (Celac) que se desarrollar\u00e1 el 24 de enero en Buenos Aires.Lo comunic\u00f3 el Presidente en sus redes sociales. Fern\u00e1ndez\u00a0se reunir\u00e1 Lula da Silva, quien asistir\u00e1 tambi\u00e9n a la VII Cumbre de Jefes de Estado y de Gobierno de la Comunidad de Estados Latinoamericanos y Caribe\u00f1os (Celac) que se desarrollar\u00e1 el 24 de enero en Buenos Aires.<\/p>\n","protected":false},"excerpt":{"rendered":"<p>Lo comunic\u00f3 el Presidente en sus redes sociales. Fern\u00e1ndez\u00a0se reunir\u00e1 Lula da Silva, quien asistir\u00e1&#8230;<\/p>\n","protected":false},"author":2,"featured_media":159196,"comment_status":"open","ping_status":"open","sticky":false,"template":"","format":"standard","meta":{"footnotes":""},"categories":[2],"tags":[],"class_list":["post-159195","post","type-post","status-publish","format-standard","has-post-thumbnail","hentry","category-politica"],"featured_image_urls":{"full":"","thumbnail":"","medium":"","medium_large":"","large":"","1536x1536":"","2048x2048":"","newsium-slider-full":"","newsium-featured":"","newsium-medium":""},"author_info":{"info":["c1500921"]},"category_info":"<a href=\"https:\/\/radiofenix.com.ar\/2023\/category\/politica\/\" rel=\"category tag\">Pol\u00edtica<\/a>","tag_info":"Pol\u00edtica","comment_count":"0","_links":{"self":[{"href":"https:\/\/radiofenix.com.ar\/2023\/wp-json\/wp\/v2\/posts\/159195","targetHints":{"allow":["GET"]}}],"collection":[{"href":"https:\/\/radiofenix.com.ar\/2023\/wp-json\/wp\/v2\/posts"}],"about":[{"href":"https:\/\/radiofenix.com.ar\/2023\/wp-json\/wp\/v2\/types\/post"}],"author":[{"embeddable":true,"href":"https:\/\/radiofenix.com.ar\/2023\/wp-json\/wp\/v2\/users\/2"}],"replies":[{"embeddable":true,"href":"https:\/\/radiofenix.com.ar\/2023\/wp-json\/wp\/v2\/comments?post=159195"}],"version-history":[{"count":0,"href":"https:\/\/radiofenix.com.ar\/2023\/wp-json\/wp\/v2\/posts\/159195\/revisions"}],"wp:featuredmedia":[{"embeddable":true,"href":"https:\/\/radiofenix.com.ar\/2023\/wp-json\/"}],"wp:attachment":[{"href":"https:\/\/radiofenix.com.ar\/2023\/wp-json\/wp\/v2\/media?parent=159195"}],"wp:term":[{"taxonomy":"category","embeddable":true,"href":"https:\/\/radiofenix.com.ar\/2023\/wp-json\/wp\/v2\/categories?post=159195"},{"taxonomy":"post_tag","embeddable":true,"href":"https:\/\/radiofenix.com.ar\/2023\/wp-json\/wp\/v2\/tags?post=159195"}],"curies":[{"name":"wp","href":"https:\/\/api.w.org\/{rel}","templated":true}]}}