{"id":159197,"date":"2023-01-15T22:04:02","date_gmt":"2023-01-15T22:04:02","guid":{"rendered":"http:\/\/radiofenix.com.ar\/el-intendente-de-tigre-apoya-la-reeleccion-del-gobernador-kicillof\/"},"modified":"2023-01-15T22:04:02","modified_gmt":"2023-01-15T22:04:02","slug":"el-intendente-de-tigre-apoya-la-reeleccion-del-gobernador-kicillof","status":"publish","type":"post","link":"https:\/\/radiofenix.com.ar\/2023\/el-intendente-de-tigre-apoya-la-reeleccion-del-gobernador-kicillof\/","title":{"rendered":"El intendente de Tigre apoya la reelecci\u00f3n del gobernador Kicillof"},"content":{"rendered":"<p>\u00abEn su mandato ha mostrado un \u00edmpetu incre\u00edble en materia de escuelas, empleo y turismo, adem\u00e1s de un alto grado de desarrollo en la salud durante todo este tiempo\u00bb, argument\u00f3 el jefe comunal.\u00a0\u00abEn su mandato ha mostrado un \u00edmpetu incre\u00edble en materia de escuelas, empleo y turismo, adem\u00e1s de un alto grado de desarrollo en la salud durante todo este tiempo\u00bb, argument\u00f3 el jefe comunal.\u00a0<\/p>\n","protected":false},"excerpt":{"rendered":"<p>\u00abEn su mandato ha mostrado un \u00edmpetu incre\u00edble en materia de escuelas, empleo y turismo,&#8230;<\/p>\n","protected":false},"author":2,"featured_media":159198,"comment_status":"open","ping_status":"open","sticky":false,"template":"","format":"standard","meta":{"footnotes":""},"categories":[2],"tags":[],"class_list":["post-159197","post","type-post","status-publish","format-standard","has-post-thumbnail","hentry","category-politica"],"featured_image_urls":{"full":"","thumbnail":"","medium":"","medium_large":"","large":"","1536x1536":"","2048x2048":"","newsium-slider-full":"","newsium-featured":"","newsium-medium":""},"author_info":{"info":["c1500921"]},"category_info":"<a href=\"https:\/\/radiofenix.com.ar\/2023\/category\/politica\/\" rel=\"category tag\">Pol\u00edtica<\/a>","tag_info":"Pol\u00edtica","comment_count":"0","_links":{"self":[{"href":"https:\/\/radiofenix.com.ar\/2023\/wp-json\/wp\/v2\/posts\/159197","targetHints":{"allow":["GET"]}}],"collection":[{"href":"https:\/\/radiofenix.com.ar\/2023\/wp-json\/wp\/v2\/posts"}],"about":[{"href":"https:\/\/radiofenix.com.ar\/2023\/wp-json\/wp\/v2\/types\/post"}],"author":[{"embeddable":true,"href":"https:\/\/radiofenix.com.ar\/2023\/wp-json\/wp\/v2\/users\/2"}],"replies":[{"embeddable":true,"href":"https:\/\/radiofenix.com.ar\/2023\/wp-json\/wp\/v2\/comments?post=159197"}],"version-history":[{"count":0,"href":"https:\/\/radiofenix.com.ar\/2023\/wp-json\/wp\/v2\/posts\/159197\/revisions"}],"wp:featuredmedia":[{"embeddable":true,"href":"https:\/\/radiofenix.com.ar\/2023\/wp-json\/"}],"wp:attachment":[{"href":"https:\/\/radiofenix.com.ar\/2023\/wp-json\/wp\/v2\/media?parent=159197"}],"wp:term":[{"taxonomy":"category","embeddable":true,"href":"https:\/\/radiofenix.com.ar\/2023\/wp-json\/wp\/v2\/categories?post=159197"},{"taxonomy":"post_tag","embeddable":true,"href":"https:\/\/radiofenix.com.ar\/2023\/wp-json\/wp\/v2\/tags?post=159197"}],"curies":[{"name":"wp","href":"https:\/\/api.w.org\/{rel}","templated":true}]}}