{"id":159207,"date":"2023-01-15T22:06:00","date_gmt":"2023-01-15T22:06:00","guid":{"rendered":"http:\/\/radiofenix.com.ar\/los-amados-interpretan-a-gardel-desde-el-humor-y-su-impronta-tropical\/"},"modified":"2023-01-15T22:06:00","modified_gmt":"2023-01-15T22:06:00","slug":"los-amados-interpretan-a-gardel-desde-el-humor-y-su-impronta-tropical","status":"publish","type":"post","link":"https:\/\/radiofenix.com.ar\/2023\/los-amados-interpretan-a-gardel-desde-el-humor-y-su-impronta-tropical\/","title":{"rendered":"Los Amados interpretan a Gardel desde el humor y su impronta tropical"},"content":{"rendered":"<p>&amp;ldquo;&amp;rsquo;Ardientes Gardel y Le Pera&amp;rsquo;, a ritmo tropical&amp;rdquo; es el nombre del espect\u00e1culo que la compa\u00f1\u00eda estrenar\u00e1 en el Auditorio de Belgrano, donde por primera vez interpretar\u00e1 un repertorio \u00edntegramente argentino basado en las emblem\u00e1ticas canciones de la d\u00e9cada del 30.&amp;ldquo;&amp;rsquo;Ardientes Gardel y Le Pera&amp;rsquo;, a ritmo tropical&amp;rdquo; es el nombre del espect\u00e1culo que la compa\u00f1\u00eda estrenar\u00e1 en el Auditorio de Belgrano, donde por primera vez interpretar\u00e1 un repertorio \u00edntegramente argentino basado en las emblem\u00e1ticas canciones de la d\u00e9cada del 30.<\/p>\n","protected":false},"excerpt":{"rendered":"<p>&amp;ldquo;&amp;rsquo;Ardientes Gardel y Le Pera&amp;rsquo;, a ritmo tropical&amp;rdquo; es el nombre del espect\u00e1culo que la&#8230;<\/p>\n","protected":false},"author":2,"featured_media":159208,"comment_status":"open","ping_status":"open","sticky":false,"template":"","format":"standard","meta":{"footnotes":""},"categories":[4],"tags":[],"class_list":["post-159207","post","type-post","status-publish","format-standard","has-post-thumbnail","hentry","category-espectaculos"],"featured_image_urls":{"full":"","thumbnail":"","medium":"","medium_large":"","large":"","1536x1536":"","2048x2048":"","newsium-slider-full":"","newsium-featured":"","newsium-medium":""},"author_info":{"info":["c1500921"]},"category_info":"<a href=\"https:\/\/radiofenix.com.ar\/2023\/category\/espectaculos\/\" rel=\"category tag\">Espectaculos<\/a>","tag_info":"Espectaculos","comment_count":"0","_links":{"self":[{"href":"https:\/\/radiofenix.com.ar\/2023\/wp-json\/wp\/v2\/posts\/159207","targetHints":{"allow":["GET"]}}],"collection":[{"href":"https:\/\/radiofenix.com.ar\/2023\/wp-json\/wp\/v2\/posts"}],"about":[{"href":"https:\/\/radiofenix.com.ar\/2023\/wp-json\/wp\/v2\/types\/post"}],"author":[{"embeddable":true,"href":"https:\/\/radiofenix.com.ar\/2023\/wp-json\/wp\/v2\/users\/2"}],"replies":[{"embeddable":true,"href":"https:\/\/radiofenix.com.ar\/2023\/wp-json\/wp\/v2\/comments?post=159207"}],"version-history":[{"count":0,"href":"https:\/\/radiofenix.com.ar\/2023\/wp-json\/wp\/v2\/posts\/159207\/revisions"}],"wp:featuredmedia":[{"embeddable":true,"href":"https:\/\/radiofenix.com.ar\/2023\/wp-json\/"}],"wp:attachment":[{"href":"https:\/\/radiofenix.com.ar\/2023\/wp-json\/wp\/v2\/media?parent=159207"}],"wp:term":[{"taxonomy":"category","embeddable":true,"href":"https:\/\/radiofenix.com.ar\/2023\/wp-json\/wp\/v2\/categories?post=159207"},{"taxonomy":"post_tag","embeddable":true,"href":"https:\/\/radiofenix.com.ar\/2023\/wp-json\/wp\/v2\/tags?post=159207"}],"curies":[{"name":"wp","href":"https:\/\/api.w.org\/{rel}","templated":true}]}}