{"id":159211,"date":"2023-01-15T23:04:49","date_gmt":"2023-01-15T23:04:49","guid":{"rendered":"http:\/\/radiofenix.com.ar\/barcelona-le-gano-a-real-madrid-y-se-quedo-con-la-supercopa-de-espana\/"},"modified":"2023-01-15T23:04:49","modified_gmt":"2023-01-15T23:04:49","slug":"barcelona-le-gano-a-real-madrid-y-se-quedo-con-la-supercopa-de-espana","status":"publish","type":"post","link":"https:\/\/radiofenix.com.ar\/2023\/barcelona-le-gano-a-real-madrid-y-se-quedo-con-la-supercopa-de-espana\/","title":{"rendered":"Barcelona le gan\u00f3 a Real Madrid y se qued\u00f3 con la Supercopa de Espa\u00f1a"},"content":{"rendered":"<p>El equipo Cul\u00e9 se impuso por 3 a 1 con goles de Gavi (33m PT);\u00a0 Robert. Lewandowski (45m PT) y Pedri (24m ST). Mientras que Karim Benzema (48m ST) descont\u00f3 sobre el final para el conjunto Merengue.\u00a0<\/p>\n","protected":false},"excerpt":{"rendered":"<p>El equipo Cul\u00e9 se impuso por 3 a 1 con goles de Gavi (33m PT);\u00a0&#8230;<\/p>\n","protected":false},"author":2,"featured_media":159212,"comment_status":"open","ping_status":"open","sticky":false,"template":"","format":"standard","meta":{"footnotes":""},"categories":[3],"tags":[],"class_list":["post-159211","post","type-post","status-publish","format-standard","has-post-thumbnail","hentry","category-deportes"],"featured_image_urls":{"full":"","thumbnail":"","medium":"","medium_large":"","large":"","1536x1536":"","2048x2048":"","newsium-slider-full":"","newsium-featured":"","newsium-medium":""},"author_info":{"info":["c1500921"]},"category_info":"<a href=\"https:\/\/radiofenix.com.ar\/2023\/category\/deportes\/\" rel=\"category tag\">Deportes<\/a>","tag_info":"Deportes","comment_count":"0","_links":{"self":[{"href":"https:\/\/radiofenix.com.ar\/2023\/wp-json\/wp\/v2\/posts\/159211","targetHints":{"allow":["GET"]}}],"collection":[{"href":"https:\/\/radiofenix.com.ar\/2023\/wp-json\/wp\/v2\/posts"}],"about":[{"href":"https:\/\/radiofenix.com.ar\/2023\/wp-json\/wp\/v2\/types\/post"}],"author":[{"embeddable":true,"href":"https:\/\/radiofenix.com.ar\/2023\/wp-json\/wp\/v2\/users\/2"}],"replies":[{"embeddable":true,"href":"https:\/\/radiofenix.com.ar\/2023\/wp-json\/wp\/v2\/comments?post=159211"}],"version-history":[{"count":0,"href":"https:\/\/radiofenix.com.ar\/2023\/wp-json\/wp\/v2\/posts\/159211\/revisions"}],"wp:featuredmedia":[{"embeddable":true,"href":"https:\/\/radiofenix.com.ar\/2023\/wp-json\/"}],"wp:attachment":[{"href":"https:\/\/radiofenix.com.ar\/2023\/wp-json\/wp\/v2\/media?parent=159211"}],"wp:term":[{"taxonomy":"category","embeddable":true,"href":"https:\/\/radiofenix.com.ar\/2023\/wp-json\/wp\/v2\/categories?post=159211"},{"taxonomy":"post_tag","embeddable":true,"href":"https:\/\/radiofenix.com.ar\/2023\/wp-json\/wp\/v2\/tags?post=159211"}],"curies":[{"name":"wp","href":"https:\/\/api.w.org\/{rel}","templated":true}]}}