{"id":159213,"date":"2023-01-16T00:18:00","date_gmt":"2023-01-16T00:18:00","guid":{"rendered":"http:\/\/radiofenix.com.ar\/ecko-y-kaleb-di-masi-presentan-pal-party-la-fusion-del-rkt-y-la-musica-electronica\/"},"modified":"2023-01-16T00:18:00","modified_gmt":"2023-01-16T00:18:00","slug":"ecko-y-kaleb-di-masi-presentan-pal-party-la-fusion-del-rkt-y-la-musica-electronica","status":"publish","type":"post","link":"https:\/\/radiofenix.com.ar\/2023\/ecko-y-kaleb-di-masi-presentan-pal-party-la-fusion-del-rkt-y-la-musica-electronica\/","title":{"rendered":"Ecko y Kaleb Di Masi presentan \u00abPal Party\u00bb, la fusi\u00f3n del RKT y la m\u00fasica electr\u00f3nica"},"content":{"rendered":"<p>Ambos artistas, compa\u00f1eros en el sello disquero Mojo y conocidos dentro de la escena como \u00ablos primos\u00bb, cuentan con el antecedente fresco del hit &amp;ldquo;Turraka Remix&amp;rdquo; que grabaron junto a Papichamp, Blunted Vato y Bruno LC.Ambos artistas, compa\u00f1eros en el sello disquero Mojo y conocidos dentro de la escena como \u00ablos primos\u00bb, cuentan con el antecedente fresco del hit &amp;ldquo;Turraka Remix&amp;rdquo; que grabaron junto a Papichamp, Blunted Vato y Bruno LC.<\/p>\n","protected":false},"excerpt":{"rendered":"<p>Ambos artistas, compa\u00f1eros en el sello disquero Mojo y conocidos dentro de la escena como&#8230;<\/p>\n","protected":false},"author":2,"featured_media":159214,"comment_status":"open","ping_status":"open","sticky":false,"template":"","format":"standard","meta":{"footnotes":""},"categories":[4],"tags":[],"class_list":["post-159213","post","type-post","status-publish","format-standard","has-post-thumbnail","hentry","category-espectaculos"],"featured_image_urls":{"full":"","thumbnail":"","medium":"","medium_large":"","large":"","1536x1536":"","2048x2048":"","newsium-slider-full":"","newsium-featured":"","newsium-medium":""},"author_info":{"info":["c1500921"]},"category_info":"<a href=\"https:\/\/radiofenix.com.ar\/2023\/category\/espectaculos\/\" rel=\"category tag\">Espectaculos<\/a>","tag_info":"Espectaculos","comment_count":"0","_links":{"self":[{"href":"https:\/\/radiofenix.com.ar\/2023\/wp-json\/wp\/v2\/posts\/159213","targetHints":{"allow":["GET"]}}],"collection":[{"href":"https:\/\/radiofenix.com.ar\/2023\/wp-json\/wp\/v2\/posts"}],"about":[{"href":"https:\/\/radiofenix.com.ar\/2023\/wp-json\/wp\/v2\/types\/post"}],"author":[{"embeddable":true,"href":"https:\/\/radiofenix.com.ar\/2023\/wp-json\/wp\/v2\/users\/2"}],"replies":[{"embeddable":true,"href":"https:\/\/radiofenix.com.ar\/2023\/wp-json\/wp\/v2\/comments?post=159213"}],"version-history":[{"count":0,"href":"https:\/\/radiofenix.com.ar\/2023\/wp-json\/wp\/v2\/posts\/159213\/revisions"}],"wp:featuredmedia":[{"embeddable":true,"href":"https:\/\/radiofenix.com.ar\/2023\/wp-json\/"}],"wp:attachment":[{"href":"https:\/\/radiofenix.com.ar\/2023\/wp-json\/wp\/v2\/media?parent=159213"}],"wp:term":[{"taxonomy":"category","embeddable":true,"href":"https:\/\/radiofenix.com.ar\/2023\/wp-json\/wp\/v2\/categories?post=159213"},{"taxonomy":"post_tag","embeddable":true,"href":"https:\/\/radiofenix.com.ar\/2023\/wp-json\/wp\/v2\/tags?post=159213"}],"curies":[{"name":"wp","href":"https:\/\/api.w.org\/{rel}","templated":true}]}}