{"id":159241,"date":"2023-01-16T14:04:38","date_gmt":"2023-01-16T14:04:38","guid":{"rendered":"http:\/\/radiofenix.com.ar\/a-pesar-de-la-intervencion-militar-marchan-a-lima-a-pedir-la-renuncia-de-dina-boluarte\/"},"modified":"2023-01-16T14:04:38","modified_gmt":"2023-01-16T14:04:38","slug":"a-pesar-de-la-intervencion-militar-marchan-a-lima-a-pedir-la-renuncia-de-dina-boluarte","status":"publish","type":"post","link":"https:\/\/radiofenix.com.ar\/2023\/a-pesar-de-la-intervencion-militar-marchan-a-lima-a-pedir-la-renuncia-de-dina-boluarte\/","title":{"rendered":"A pesar de la intervenci\u00f3n militar, marchan a Lima a pedir la renuncia de Dina Boluarte"},"content":{"rendered":"<p>Las protestas populares y bloqueos de ruta persiston a pesar de que entr\u00f3 en vigencia una medida de excepci\u00f3n por la cual se habilit\u00f3 la intervenci\u00f3n militar en contra de los manifestantes.\u00a0Las protestas populares y bloqueos de ruta persiston a pesar de que entr\u00f3 en vigencia una medida de excepci\u00f3n por la cual se habilit\u00f3 la intervenci\u00f3n militar en contra de los manifestantes.\u00a0<\/p>\n","protected":false},"excerpt":{"rendered":"<p>Las protestas populares y bloqueos de ruta persiston a pesar de que entr\u00f3 en vigencia&#8230;<\/p>\n","protected":false},"author":2,"featured_media":159242,"comment_status":"open","ping_status":"open","sticky":false,"template":"","format":"standard","meta":{"footnotes":""},"categories":[2],"tags":[],"class_list":["post-159241","post","type-post","status-publish","format-standard","has-post-thumbnail","hentry","category-politica"],"featured_image_urls":{"full":"","thumbnail":"","medium":"","medium_large":"","large":"","1536x1536":"","2048x2048":"","newsium-slider-full":"","newsium-featured":"","newsium-medium":""},"author_info":{"info":["c1500921"]},"category_info":"<a href=\"https:\/\/radiofenix.com.ar\/2023\/category\/politica\/\" rel=\"category tag\">Pol\u00edtica<\/a>","tag_info":"Pol\u00edtica","comment_count":"0","_links":{"self":[{"href":"https:\/\/radiofenix.com.ar\/2023\/wp-json\/wp\/v2\/posts\/159241","targetHints":{"allow":["GET"]}}],"collection":[{"href":"https:\/\/radiofenix.com.ar\/2023\/wp-json\/wp\/v2\/posts"}],"about":[{"href":"https:\/\/radiofenix.com.ar\/2023\/wp-json\/wp\/v2\/types\/post"}],"author":[{"embeddable":true,"href":"https:\/\/radiofenix.com.ar\/2023\/wp-json\/wp\/v2\/users\/2"}],"replies":[{"embeddable":true,"href":"https:\/\/radiofenix.com.ar\/2023\/wp-json\/wp\/v2\/comments?post=159241"}],"version-history":[{"count":0,"href":"https:\/\/radiofenix.com.ar\/2023\/wp-json\/wp\/v2\/posts\/159241\/revisions"}],"wp:featuredmedia":[{"embeddable":true,"href":"https:\/\/radiofenix.com.ar\/2023\/wp-json\/"}],"wp:attachment":[{"href":"https:\/\/radiofenix.com.ar\/2023\/wp-json\/wp\/v2\/media?parent=159241"}],"wp:term":[{"taxonomy":"category","embeddable":true,"href":"https:\/\/radiofenix.com.ar\/2023\/wp-json\/wp\/v2\/categories?post=159241"},{"taxonomy":"post_tag","embeddable":true,"href":"https:\/\/radiofenix.com.ar\/2023\/wp-json\/wp\/v2\/tags?post=159241"}],"curies":[{"name":"wp","href":"https:\/\/api.w.org\/{rel}","templated":true}]}}