{"id":159245,"date":"2023-01-16T14:04:40","date_gmt":"2023-01-16T14:04:40","guid":{"rendered":"http:\/\/radiofenix.com.ar\/alfaro-se-despide-de-ecuador-fueron-dos-anos-fascinantes\/"},"modified":"2023-01-16T14:04:40","modified_gmt":"2023-01-16T14:04:40","slug":"alfaro-se-despide-de-ecuador-fueron-dos-anos-fascinantes","status":"publish","type":"post","link":"https:\/\/radiofenix.com.ar\/2023\/alfaro-se-despide-de-ecuador-fueron-dos-anos-fascinantes\/","title":{"rendered":"Alfaro se despide de Ecuador: \u00abFueron dos a\u00f1os fascinantes\u00bb"},"content":{"rendered":"<p>Tras la eliminaci\u00f3n en el Mundial de Qatar 2022 ante Senegal, el DT argentino hab\u00eda puesto en duda su continuidad en el seleccionado ecuatoriano y tambi\u00e9n su futuro como entrenador.<\/p>\n","protected":false},"excerpt":{"rendered":"<p>Tras la eliminaci\u00f3n en el Mundial de Qatar 2022 ante Senegal, el DT argentino hab\u00eda&#8230;<\/p>\n","protected":false},"author":2,"featured_media":159246,"comment_status":"open","ping_status":"open","sticky":false,"template":"","format":"standard","meta":{"footnotes":""},"categories":[3],"tags":[],"class_list":["post-159245","post","type-post","status-publish","format-standard","has-post-thumbnail","hentry","category-deportes"],"featured_image_urls":{"full":"","thumbnail":"","medium":"","medium_large":"","large":"","1536x1536":"","2048x2048":"","newsium-slider-full":"","newsium-featured":"","newsium-medium":""},"author_info":{"info":["c1500921"]},"category_info":"<a href=\"https:\/\/radiofenix.com.ar\/2023\/category\/deportes\/\" rel=\"category tag\">Deportes<\/a>","tag_info":"Deportes","comment_count":"0","_links":{"self":[{"href":"https:\/\/radiofenix.com.ar\/2023\/wp-json\/wp\/v2\/posts\/159245","targetHints":{"allow":["GET"]}}],"collection":[{"href":"https:\/\/radiofenix.com.ar\/2023\/wp-json\/wp\/v2\/posts"}],"about":[{"href":"https:\/\/radiofenix.com.ar\/2023\/wp-json\/wp\/v2\/types\/post"}],"author":[{"embeddable":true,"href":"https:\/\/radiofenix.com.ar\/2023\/wp-json\/wp\/v2\/users\/2"}],"replies":[{"embeddable":true,"href":"https:\/\/radiofenix.com.ar\/2023\/wp-json\/wp\/v2\/comments?post=159245"}],"version-history":[{"count":0,"href":"https:\/\/radiofenix.com.ar\/2023\/wp-json\/wp\/v2\/posts\/159245\/revisions"}],"wp:featuredmedia":[{"embeddable":true,"href":"https:\/\/radiofenix.com.ar\/2023\/wp-json\/"}],"wp:attachment":[{"href":"https:\/\/radiofenix.com.ar\/2023\/wp-json\/wp\/v2\/media?parent=159245"}],"wp:term":[{"taxonomy":"category","embeddable":true,"href":"https:\/\/radiofenix.com.ar\/2023\/wp-json\/wp\/v2\/categories?post=159245"},{"taxonomy":"post_tag","embeddable":true,"href":"https:\/\/radiofenix.com.ar\/2023\/wp-json\/wp\/v2\/tags?post=159245"}],"curies":[{"name":"wp","href":"https:\/\/api.w.org\/{rel}","templated":true}]}}