{"id":159259,"date":"2023-01-16T14:35:00","date_gmt":"2023-01-16T14:35:00","guid":{"rendered":"http:\/\/radiofenix.com.ar\/que-datos-se-deberan-informar-para-ingresar-al-blanqueo-de-la-construccion\/"},"modified":"2023-01-16T14:35:00","modified_gmt":"2023-01-16T14:35:00","slug":"que-datos-se-deberan-informar-para-ingresar-al-blanqueo-de-la-construccion","status":"publish","type":"post","link":"https:\/\/radiofenix.com.ar\/2023\/que-datos-se-deberan-informar-para-ingresar-al-blanqueo-de-la-construccion\/","title":{"rendered":"Qu\u00e9 datos se deber\u00e1n informar para ingresar al blanqueo de la construcci\u00f3n"},"content":{"rendered":"<p>La medida abarca los casos de los fondos afectados al desarrollo o inversi\u00f3n en proyectos inmobiliarios,\u00a0los fondos afectados a la adquisici\u00f3n de inmuebles usados y\u00a0de los titulares vendedores.<\/p>\n","protected":false},"excerpt":{"rendered":"<p>La medida abarca los casos de los fondos afectados al desarrollo o inversi\u00f3n en proyectos&#8230;<\/p>\n","protected":false},"author":2,"featured_media":159260,"comment_status":"open","ping_status":"open","sticky":false,"template":"","format":"standard","meta":{"footnotes":""},"categories":[5],"tags":[],"class_list":["post-159259","post","type-post","status-publish","format-standard","has-post-thumbnail","hentry","category-economia"],"featured_image_urls":{"full":"","thumbnail":"","medium":"","medium_large":"","large":"","1536x1536":"","2048x2048":"","newsium-slider-full":"","newsium-featured":"","newsium-medium":""},"author_info":{"info":["c1500921"]},"category_info":"<a href=\"https:\/\/radiofenix.com.ar\/2023\/category\/economia\/\" rel=\"category tag\">Economia<\/a>","tag_info":"Economia","comment_count":"0","_links":{"self":[{"href":"https:\/\/radiofenix.com.ar\/2023\/wp-json\/wp\/v2\/posts\/159259","targetHints":{"allow":["GET"]}}],"collection":[{"href":"https:\/\/radiofenix.com.ar\/2023\/wp-json\/wp\/v2\/posts"}],"about":[{"href":"https:\/\/radiofenix.com.ar\/2023\/wp-json\/wp\/v2\/types\/post"}],"author":[{"embeddable":true,"href":"https:\/\/radiofenix.com.ar\/2023\/wp-json\/wp\/v2\/users\/2"}],"replies":[{"embeddable":true,"href":"https:\/\/radiofenix.com.ar\/2023\/wp-json\/wp\/v2\/comments?post=159259"}],"version-history":[{"count":0,"href":"https:\/\/radiofenix.com.ar\/2023\/wp-json\/wp\/v2\/posts\/159259\/revisions"}],"wp:featuredmedia":[{"embeddable":true,"href":"https:\/\/radiofenix.com.ar\/2023\/wp-json\/"}],"wp:attachment":[{"href":"https:\/\/radiofenix.com.ar\/2023\/wp-json\/wp\/v2\/media?parent=159259"}],"wp:term":[{"taxonomy":"category","embeddable":true,"href":"https:\/\/radiofenix.com.ar\/2023\/wp-json\/wp\/v2\/categories?post=159259"},{"taxonomy":"post_tag","embeddable":true,"href":"https:\/\/radiofenix.com.ar\/2023\/wp-json\/wp\/v2\/tags?post=159259"}],"curies":[{"name":"wp","href":"https:\/\/api.w.org\/{rel}","templated":true}]}}