{"id":159281,"date":"2023-01-16T18:33:00","date_gmt":"2023-01-16T18:33:00","guid":{"rendered":"http:\/\/radiofenix.com.ar\/el-gato-con-botas-interrumpio-el-largo-dominio-de-avatar\/"},"modified":"2023-01-16T18:33:00","modified_gmt":"2023-01-16T18:33:00","slug":"el-gato-con-botas-interrumpio-el-largo-dominio-de-avatar","status":"publish","type":"post","link":"https:\/\/radiofenix.com.ar\/2023\/el-gato-con-botas-interrumpio-el-largo-dominio-de-avatar\/","title":{"rendered":"El \u00abGato con botas\u00bb interrumpi\u00f3 el largo dominio de \u00abAvatar\u00bb"},"content":{"rendered":"<p>La pel\u00edcula animada sobre uno de los personajes de la saga &amp;ldquo;Shrek&amp;rdquo; logr\u00f3 imponerse ajustadamente al vender 221.114 tickets contra las 217.796 entradas del filme de James Cameron, que ya super\u00f3 los dos millones de espectadores desde su estreno en diciembre.La pel\u00edcula animada sobre uno de los personajes de la saga &amp;ldquo;Shrek&amp;rdquo; logr\u00f3 imponerse ajustadamente al vender 221.114 tickets contra las 217.796 entradas del filme de James Cameron, que ya super\u00f3 los dos millones de espectadores desde su estreno en diciembre.<\/p>\n","protected":false},"excerpt":{"rendered":"<p>La pel\u00edcula animada sobre uno de los personajes de la saga &amp;ldquo;Shrek&amp;rdquo; logr\u00f3 imponerse ajustadamente&#8230;<\/p>\n","protected":false},"author":2,"featured_media":159282,"comment_status":"open","ping_status":"open","sticky":false,"template":"","format":"standard","meta":{"footnotes":""},"categories":[4],"tags":[],"class_list":["post-159281","post","type-post","status-publish","format-standard","has-post-thumbnail","hentry","category-espectaculos"],"featured_image_urls":{"full":"","thumbnail":"","medium":"","medium_large":"","large":"","1536x1536":"","2048x2048":"","newsium-slider-full":"","newsium-featured":"","newsium-medium":""},"author_info":{"info":["c1500921"]},"category_info":"<a href=\"https:\/\/radiofenix.com.ar\/2023\/category\/espectaculos\/\" rel=\"category tag\">Espectaculos<\/a>","tag_info":"Espectaculos","comment_count":"0","_links":{"self":[{"href":"https:\/\/radiofenix.com.ar\/2023\/wp-json\/wp\/v2\/posts\/159281","targetHints":{"allow":["GET"]}}],"collection":[{"href":"https:\/\/radiofenix.com.ar\/2023\/wp-json\/wp\/v2\/posts"}],"about":[{"href":"https:\/\/radiofenix.com.ar\/2023\/wp-json\/wp\/v2\/types\/post"}],"author":[{"embeddable":true,"href":"https:\/\/radiofenix.com.ar\/2023\/wp-json\/wp\/v2\/users\/2"}],"replies":[{"embeddable":true,"href":"https:\/\/radiofenix.com.ar\/2023\/wp-json\/wp\/v2\/comments?post=159281"}],"version-history":[{"count":0,"href":"https:\/\/radiofenix.com.ar\/2023\/wp-json\/wp\/v2\/posts\/159281\/revisions"}],"wp:featuredmedia":[{"embeddable":true,"href":"https:\/\/radiofenix.com.ar\/2023\/wp-json\/"}],"wp:attachment":[{"href":"https:\/\/radiofenix.com.ar\/2023\/wp-json\/wp\/v2\/media?parent=159281"}],"wp:term":[{"taxonomy":"category","embeddable":true,"href":"https:\/\/radiofenix.com.ar\/2023\/wp-json\/wp\/v2\/categories?post=159281"},{"taxonomy":"post_tag","embeddable":true,"href":"https:\/\/radiofenix.com.ar\/2023\/wp-json\/wp\/v2\/tags?post=159281"}],"curies":[{"name":"wp","href":"https:\/\/api.w.org\/{rel}","templated":true}]}}