{"id":159283,"date":"2023-01-16T19:04:23","date_gmt":"2023-01-16T19:04:23","guid":{"rendered":"http:\/\/radiofenix.com.ar\/investigacion-de-rafecas-el-regimiento-de-patricios-fue-centro-clandestino-de-detencion-2\/"},"modified":"2023-01-16T19:04:23","modified_gmt":"2023-01-16T19:04:23","slug":"investigacion-de-rafecas-el-regimiento-de-patricios-fue-centro-clandestino-de-detencion-2","status":"publish","type":"post","link":"https:\/\/radiofenix.com.ar\/2023\/investigacion-de-rafecas-el-regimiento-de-patricios-fue-centro-clandestino-de-detencion-2\/","title":{"rendered":"Investigaci\u00f3n de Rafecas: el Regimiento de Patricios fue \u00abcentro clandestino de detenci\u00f3n\u00bb"},"content":{"rendered":"<p>El 21 de septiembre de 2022 se realiz\u00f3 una prueba ocular con sobrevivientes\u00a0que reconocieron el predio del Regimiento de Patricios, ubicado en la intersecci\u00f3n de las avenidas Santa Fe y Luis Mar\u00eda Campos, como el sitio de sus cautiverios.El 21 de septiembre de 2022 se realiz\u00f3 una prueba ocular con sobrevivientes\u00a0que reconocieron el predio del Regimiento de Patricios, ubicado en la intersecci\u00f3n de las avenidas Santa Fe y Luis Mar\u00eda Campos, como el sitio de sus cautiverios.<\/p>\n","protected":false},"excerpt":{"rendered":"<p>El 21 de septiembre de 2022 se realiz\u00f3 una prueba ocular con sobrevivientes\u00a0que reconocieron el&#8230;<\/p>\n","protected":false},"author":2,"featured_media":159284,"comment_status":"open","ping_status":"open","sticky":false,"template":"","format":"standard","meta":{"footnotes":""},"categories":[2],"tags":[],"class_list":["post-159283","post","type-post","status-publish","format-standard","has-post-thumbnail","hentry","category-politica"],"featured_image_urls":{"full":"","thumbnail":"","medium":"","medium_large":"","large":"","1536x1536":"","2048x2048":"","newsium-slider-full":"","newsium-featured":"","newsium-medium":""},"author_info":{"info":["c1500921"]},"category_info":"<a href=\"https:\/\/radiofenix.com.ar\/2023\/category\/politica\/\" rel=\"category tag\">Pol\u00edtica<\/a>","tag_info":"Pol\u00edtica","comment_count":"0","_links":{"self":[{"href":"https:\/\/radiofenix.com.ar\/2023\/wp-json\/wp\/v2\/posts\/159283","targetHints":{"allow":["GET"]}}],"collection":[{"href":"https:\/\/radiofenix.com.ar\/2023\/wp-json\/wp\/v2\/posts"}],"about":[{"href":"https:\/\/radiofenix.com.ar\/2023\/wp-json\/wp\/v2\/types\/post"}],"author":[{"embeddable":true,"href":"https:\/\/radiofenix.com.ar\/2023\/wp-json\/wp\/v2\/users\/2"}],"replies":[{"embeddable":true,"href":"https:\/\/radiofenix.com.ar\/2023\/wp-json\/wp\/v2\/comments?post=159283"}],"version-history":[{"count":0,"href":"https:\/\/radiofenix.com.ar\/2023\/wp-json\/wp\/v2\/posts\/159283\/revisions"}],"wp:featuredmedia":[{"embeddable":true,"href":"https:\/\/radiofenix.com.ar\/2023\/wp-json\/"}],"wp:attachment":[{"href":"https:\/\/radiofenix.com.ar\/2023\/wp-json\/wp\/v2\/media?parent=159283"}],"wp:term":[{"taxonomy":"category","embeddable":true,"href":"https:\/\/radiofenix.com.ar\/2023\/wp-json\/wp\/v2\/categories?post=159283"},{"taxonomy":"post_tag","embeddable":true,"href":"https:\/\/radiofenix.com.ar\/2023\/wp-json\/wp\/v2\/tags?post=159283"}],"curies":[{"name":"wp","href":"https:\/\/api.w.org\/{rel}","templated":true}]}}