{"id":159289,"date":"2023-01-16T21:04:03","date_gmt":"2023-01-16T21:04:03","guid":{"rendered":"http:\/\/radiofenix.com.ar\/el-presidente-entrega-equipamiento-del-programa-federal-equipar-ciencia-ii-2\/"},"modified":"2023-01-16T21:04:03","modified_gmt":"2023-01-16T21:04:03","slug":"el-presidente-entrega-equipamiento-del-programa-federal-equipar-ciencia-ii-2","status":"publish","type":"post","link":"https:\/\/radiofenix.com.ar\/2023\/el-presidente-entrega-equipamiento-del-programa-federal-equipar-ciencia-ii-2\/","title":{"rendered":"El Presidente entrega equipamiento del Programa Federal Equipar Ciencia II"},"content":{"rendered":"<p>El evento, que encabeza el mandatario Alberto Fern\u00e1ndez, se desarrolla en la Casa Rosada y cuenta con la presencia del ministro de Ciencia, Tecnolog\u00eda e Innovaci\u00f3n, Daniel Filmus.El evento, que encabeza el mandatario Alberto Fern\u00e1ndez, se desarrolla en la Casa Rosada y cuenta con la presencia del ministro de Ciencia, Tecnolog\u00eda e Innovaci\u00f3n, Daniel Filmus.<\/p>\n","protected":false},"excerpt":{"rendered":"<p>El evento, que encabeza el mandatario Alberto Fern\u00e1ndez, se desarrolla en la Casa Rosada y&#8230;<\/p>\n","protected":false},"author":2,"featured_media":159290,"comment_status":"open","ping_status":"open","sticky":false,"template":"","format":"standard","meta":{"footnotes":""},"categories":[2],"tags":[],"class_list":["post-159289","post","type-post","status-publish","format-standard","has-post-thumbnail","hentry","category-politica"],"featured_image_urls":{"full":"","thumbnail":"","medium":"","medium_large":"","large":"","1536x1536":"","2048x2048":"","newsium-slider-full":"","newsium-featured":"","newsium-medium":""},"author_info":{"info":["c1500921"]},"category_info":"<a href=\"https:\/\/radiofenix.com.ar\/2023\/category\/politica\/\" rel=\"category tag\">Pol\u00edtica<\/a>","tag_info":"Pol\u00edtica","comment_count":"0","_links":{"self":[{"href":"https:\/\/radiofenix.com.ar\/2023\/wp-json\/wp\/v2\/posts\/159289","targetHints":{"allow":["GET"]}}],"collection":[{"href":"https:\/\/radiofenix.com.ar\/2023\/wp-json\/wp\/v2\/posts"}],"about":[{"href":"https:\/\/radiofenix.com.ar\/2023\/wp-json\/wp\/v2\/types\/post"}],"author":[{"embeddable":true,"href":"https:\/\/radiofenix.com.ar\/2023\/wp-json\/wp\/v2\/users\/2"}],"replies":[{"embeddable":true,"href":"https:\/\/radiofenix.com.ar\/2023\/wp-json\/wp\/v2\/comments?post=159289"}],"version-history":[{"count":0,"href":"https:\/\/radiofenix.com.ar\/2023\/wp-json\/wp\/v2\/posts\/159289\/revisions"}],"wp:featuredmedia":[{"embeddable":true,"href":"https:\/\/radiofenix.com.ar\/2023\/wp-json\/"}],"wp:attachment":[{"href":"https:\/\/radiofenix.com.ar\/2023\/wp-json\/wp\/v2\/media?parent=159289"}],"wp:term":[{"taxonomy":"category","embeddable":true,"href":"https:\/\/radiofenix.com.ar\/2023\/wp-json\/wp\/v2\/categories?post=159289"},{"taxonomy":"post_tag","embeddable":true,"href":"https:\/\/radiofenix.com.ar\/2023\/wp-json\/wp\/v2\/tags?post=159289"}],"curies":[{"name":"wp","href":"https:\/\/api.w.org\/{rel}","templated":true}]}}