{"id":159305,"date":"2023-01-16T22:39:00","date_gmt":"2023-01-16T22:39:00","guid":{"rendered":"http:\/\/radiofenix.com.ar\/la-fiesta-del-chamame-tuvo-su-tercera-noche-de-esplendor-con-parodi-y-pancho-figueroa\/"},"modified":"2023-01-16T22:39:00","modified_gmt":"2023-01-16T22:39:00","slug":"la-fiesta-del-chamame-tuvo-su-tercera-noche-de-esplendor-con-parodi-y-pancho-figueroa","status":"publish","type":"post","link":"https:\/\/radiofenix.com.ar\/2023\/la-fiesta-del-chamame-tuvo-su-tercera-noche-de-esplendor-con-parodi-y-pancho-figueroa\/","title":{"rendered":"La Fiesta del Chamam\u00e9 tuvo su tercera noche de esplendor con Parodi y Pancho Figueroa"},"content":{"rendered":"<p>Con la presencia de alrededor de 10 mil personas, seg\u00fan estimaron los organizadores, el evento correntino cont\u00f3 con el esplendor de sus mejores galas, en la que la m\u00fasica tuvo a sus exponentes m\u00e1s aclamados.Con la presencia de alrededor de 10 mil personas, seg\u00fan estimaron los organizadores, el evento correntino cont\u00f3 con el esplendor de sus mejores galas, en la que la m\u00fasica tuvo a sus exponentes m\u00e1s aclamados.<\/p>\n","protected":false},"excerpt":{"rendered":"<p>Con la presencia de alrededor de 10 mil personas, seg\u00fan estimaron los organizadores, el evento&#8230;<\/p>\n","protected":false},"author":2,"featured_media":159306,"comment_status":"open","ping_status":"open","sticky":false,"template":"","format":"standard","meta":{"footnotes":""},"categories":[4],"tags":[],"class_list":["post-159305","post","type-post","status-publish","format-standard","has-post-thumbnail","hentry","category-espectaculos"],"featured_image_urls":{"full":"","thumbnail":"","medium":"","medium_large":"","large":"","1536x1536":"","2048x2048":"","newsium-slider-full":"","newsium-featured":"","newsium-medium":""},"author_info":{"info":["c1500921"]},"category_info":"<a href=\"https:\/\/radiofenix.com.ar\/2023\/category\/espectaculos\/\" rel=\"category tag\">Espectaculos<\/a>","tag_info":"Espectaculos","comment_count":"0","_links":{"self":[{"href":"https:\/\/radiofenix.com.ar\/2023\/wp-json\/wp\/v2\/posts\/159305","targetHints":{"allow":["GET"]}}],"collection":[{"href":"https:\/\/radiofenix.com.ar\/2023\/wp-json\/wp\/v2\/posts"}],"about":[{"href":"https:\/\/radiofenix.com.ar\/2023\/wp-json\/wp\/v2\/types\/post"}],"author":[{"embeddable":true,"href":"https:\/\/radiofenix.com.ar\/2023\/wp-json\/wp\/v2\/users\/2"}],"replies":[{"embeddable":true,"href":"https:\/\/radiofenix.com.ar\/2023\/wp-json\/wp\/v2\/comments?post=159305"}],"version-history":[{"count":0,"href":"https:\/\/radiofenix.com.ar\/2023\/wp-json\/wp\/v2\/posts\/159305\/revisions"}],"wp:featuredmedia":[{"embeddable":true,"href":"https:\/\/radiofenix.com.ar\/2023\/wp-json\/"}],"wp:attachment":[{"href":"https:\/\/radiofenix.com.ar\/2023\/wp-json\/wp\/v2\/media?parent=159305"}],"wp:term":[{"taxonomy":"category","embeddable":true,"href":"https:\/\/radiofenix.com.ar\/2023\/wp-json\/wp\/v2\/categories?post=159305"},{"taxonomy":"post_tag","embeddable":true,"href":"https:\/\/radiofenix.com.ar\/2023\/wp-json\/wp\/v2\/tags?post=159305"}],"curies":[{"name":"wp","href":"https:\/\/api.w.org\/{rel}","templated":true}]}}