{"id":159307,"date":"2023-01-16T22:23:00","date_gmt":"2023-01-16T22:23:00","guid":{"rendered":"http:\/\/radiofenix.com.ar\/silvio-soldan-mientras-estoy-en-actividad-me-siento-muy-feliz-2\/"},"modified":"2023-01-16T22:23:00","modified_gmt":"2023-01-16T22:23:00","slug":"silvio-soldan-mientras-estoy-en-actividad-me-siento-muy-feliz-2","status":"publish","type":"post","link":"https:\/\/radiofenix.com.ar\/2023\/silvio-soldan-mientras-estoy-en-actividad-me-siento-muy-feliz-2\/","title":{"rendered":"Silvio Sold\u00e1n: \u00abMientras estoy en actividad me siento muy feliz\u00bb"},"content":{"rendered":"<p>A sus casi 88 a\u00f1os, el emblem\u00e1tico conductor de radio y televisi\u00f3n\u00a0famoso por \u00abGrandes valores del tango\u00bb, reaparece en cines este jueves despu\u00e9s de un par\u00e9ntesis de m\u00e1s de 40 a\u00f1os con una participaci\u00f3n en \u00abEl m\u00e9todo Tangalanga\u00bb, ficci\u00f3n sobre el humorista que hac\u00eda pesadas bromas telef\u00f3nicas,A sus casi 88 a\u00f1os, el emblem\u00e1tico conductor de radio y televisi\u00f3n\u00a0famoso por \u00abGrandes valores del tango\u00bb, reaparece en cines este jueves despu\u00e9s de un par\u00e9ntesis de m\u00e1s de 40 a\u00f1os con una participaci\u00f3n en \u00abEl m\u00e9todo Tangalanga\u00bb, ficci\u00f3n sobre el humorista que hac\u00eda pesadas bromas telef\u00f3nicas,<\/p>\n","protected":false},"excerpt":{"rendered":"<p>A sus casi 88 a\u00f1os, el emblem\u00e1tico conductor de radio y televisi\u00f3n\u00a0famoso por \u00abGrandes valores&#8230;<\/p>\n","protected":false},"author":2,"featured_media":159308,"comment_status":"open","ping_status":"open","sticky":false,"template":"","format":"standard","meta":{"footnotes":""},"categories":[4],"tags":[],"class_list":["post-159307","post","type-post","status-publish","format-standard","has-post-thumbnail","hentry","category-espectaculos"],"featured_image_urls":{"full":"","thumbnail":"","medium":"","medium_large":"","large":"","1536x1536":"","2048x2048":"","newsium-slider-full":"","newsium-featured":"","newsium-medium":""},"author_info":{"info":["c1500921"]},"category_info":"<a href=\"https:\/\/radiofenix.com.ar\/2023\/category\/espectaculos\/\" rel=\"category tag\">Espectaculos<\/a>","tag_info":"Espectaculos","comment_count":"0","_links":{"self":[{"href":"https:\/\/radiofenix.com.ar\/2023\/wp-json\/wp\/v2\/posts\/159307","targetHints":{"allow":["GET"]}}],"collection":[{"href":"https:\/\/radiofenix.com.ar\/2023\/wp-json\/wp\/v2\/posts"}],"about":[{"href":"https:\/\/radiofenix.com.ar\/2023\/wp-json\/wp\/v2\/types\/post"}],"author":[{"embeddable":true,"href":"https:\/\/radiofenix.com.ar\/2023\/wp-json\/wp\/v2\/users\/2"}],"replies":[{"embeddable":true,"href":"https:\/\/radiofenix.com.ar\/2023\/wp-json\/wp\/v2\/comments?post=159307"}],"version-history":[{"count":0,"href":"https:\/\/radiofenix.com.ar\/2023\/wp-json\/wp\/v2\/posts\/159307\/revisions"}],"wp:featuredmedia":[{"embeddable":true,"href":"https:\/\/radiofenix.com.ar\/2023\/wp-json\/"}],"wp:attachment":[{"href":"https:\/\/radiofenix.com.ar\/2023\/wp-json\/wp\/v2\/media?parent=159307"}],"wp:term":[{"taxonomy":"category","embeddable":true,"href":"https:\/\/radiofenix.com.ar\/2023\/wp-json\/wp\/v2\/categories?post=159307"},{"taxonomy":"post_tag","embeddable":true,"href":"https:\/\/radiofenix.com.ar\/2023\/wp-json\/wp\/v2\/tags?post=159307"}],"curies":[{"name":"wp","href":"https:\/\/api.w.org\/{rel}","templated":true}]}}