{"id":159311,"date":"2023-01-16T21:28:00","date_gmt":"2023-01-16T21:28:00","guid":{"rendered":"http:\/\/radiofenix.com.ar\/quinografia-primer-largometraje-biografico-sobre-el-papa-de-mafalda\/"},"modified":"2023-01-16T21:28:00","modified_gmt":"2023-01-16T21:28:00","slug":"quinografia-primer-largometraje-biografico-sobre-el-papa-de-mafalda","status":"publish","type":"post","link":"https:\/\/radiofenix.com.ar\/2023\/quinografia-primer-largometraje-biografico-sobre-el-papa-de-mafalda\/","title":{"rendered":"\u00abQuinograf\u00eda\u00bb, primer largometraje biogr\u00e1fico sobre el pap\u00e1 de Mafalda"},"content":{"rendered":"<p>La direcci\u00f3n de esta coproducci\u00f3n con otros pa\u00edses de la regi\u00f3n y Europa, estar\u00e1 a cargo del cineasta mendocino Ciro Novelli incluir\u00e1 entrevistas in\u00e9ditas con el artista asi como \u00abescenarios de la vida de Quino y su mundo creativo y afectivo\u00bb.La direcci\u00f3n de esta coproducci\u00f3n con otros pa\u00edses de la regi\u00f3n y Europa, estar\u00e1 a cargo del cineasta mendocino Ciro Novelli incluir\u00e1 entrevistas in\u00e9ditas con el artista asi como \u00abescenarios de la vida de Quino y su mundo creativo y afectivo\u00bb.<\/p>\n","protected":false},"excerpt":{"rendered":"<p>La direcci\u00f3n de esta coproducci\u00f3n con otros pa\u00edses de la regi\u00f3n y Europa, estar\u00e1 a&#8230;<\/p>\n","protected":false},"author":2,"featured_media":159312,"comment_status":"open","ping_status":"open","sticky":false,"template":"","format":"standard","meta":{"footnotes":""},"categories":[4],"tags":[],"class_list":["post-159311","post","type-post","status-publish","format-standard","has-post-thumbnail","hentry","category-espectaculos"],"featured_image_urls":{"full":"","thumbnail":"","medium":"","medium_large":"","large":"","1536x1536":"","2048x2048":"","newsium-slider-full":"","newsium-featured":"","newsium-medium":""},"author_info":{"info":["c1500921"]},"category_info":"<a href=\"https:\/\/radiofenix.com.ar\/2023\/category\/espectaculos\/\" rel=\"category tag\">Espectaculos<\/a>","tag_info":"Espectaculos","comment_count":"0","_links":{"self":[{"href":"https:\/\/radiofenix.com.ar\/2023\/wp-json\/wp\/v2\/posts\/159311","targetHints":{"allow":["GET"]}}],"collection":[{"href":"https:\/\/radiofenix.com.ar\/2023\/wp-json\/wp\/v2\/posts"}],"about":[{"href":"https:\/\/radiofenix.com.ar\/2023\/wp-json\/wp\/v2\/types\/post"}],"author":[{"embeddable":true,"href":"https:\/\/radiofenix.com.ar\/2023\/wp-json\/wp\/v2\/users\/2"}],"replies":[{"embeddable":true,"href":"https:\/\/radiofenix.com.ar\/2023\/wp-json\/wp\/v2\/comments?post=159311"}],"version-history":[{"count":0,"href":"https:\/\/radiofenix.com.ar\/2023\/wp-json\/wp\/v2\/posts\/159311\/revisions"}],"wp:featuredmedia":[{"embeddable":true,"href":"https:\/\/radiofenix.com.ar\/2023\/wp-json\/"}],"wp:attachment":[{"href":"https:\/\/radiofenix.com.ar\/2023\/wp-json\/wp\/v2\/media?parent=159311"}],"wp:term":[{"taxonomy":"category","embeddable":true,"href":"https:\/\/radiofenix.com.ar\/2023\/wp-json\/wp\/v2\/categories?post=159311"},{"taxonomy":"post_tag","embeddable":true,"href":"https:\/\/radiofenix.com.ar\/2023\/wp-json\/wp\/v2\/tags?post=159311"}],"curies":[{"name":"wp","href":"https:\/\/api.w.org\/{rel}","templated":true}]}}