{"id":159315,"date":"2023-01-16T23:04:06","date_gmt":"2023-01-16T23:04:06","guid":{"rendered":"http:\/\/radiofenix.com.ar\/milagro-sala-nunca-pensamos-ser-victimas-de-una-represion-tan-violenta\/"},"modified":"2023-01-16T23:04:06","modified_gmt":"2023-01-16T23:04:06","slug":"milagro-sala-nunca-pensamos-ser-victimas-de-una-represion-tan-violenta","status":"publish","type":"post","link":"https:\/\/radiofenix.com.ar\/2023\/milagro-sala-nunca-pensamos-ser-victimas-de-una-represion-tan-violenta\/","title":{"rendered":"Milagro Sala: \u00abNunca pensamos ser v\u00edctimas de una represi\u00f3n tan violenta\u00bb"},"content":{"rendered":"<p>La dirigente mantuvo una entrevista con T\u00e9lam en su casa del barrio Cuyaya de la capital juje\u00f1a, en la que cumple prisi\u00f3n domiciliaria, desde donde advirti\u00f3 que en Jujuy \u00abse siguen comprando testigos\u00bb para que declaren en su contra.La dirigente mantuvo una entrevista con T\u00e9lam en su casa del barrio Cuyaya de la capital juje\u00f1a, en la que cumple prisi\u00f3n domiciliaria, desde donde advirti\u00f3 que en Jujuy \u00abse siguen comprando testigos\u00bb para que declaren en su contra.<\/p>\n","protected":false},"excerpt":{"rendered":"<p>La dirigente mantuvo una entrevista con T\u00e9lam en su casa del barrio Cuyaya de la&#8230;<\/p>\n","protected":false},"author":2,"featured_media":159316,"comment_status":"open","ping_status":"open","sticky":false,"template":"","format":"standard","meta":{"footnotes":""},"categories":[2],"tags":[],"class_list":["post-159315","post","type-post","status-publish","format-standard","has-post-thumbnail","hentry","category-politica"],"featured_image_urls":{"full":"","thumbnail":"","medium":"","medium_large":"","large":"","1536x1536":"","2048x2048":"","newsium-slider-full":"","newsium-featured":"","newsium-medium":""},"author_info":{"info":["c1500921"]},"category_info":"<a href=\"https:\/\/radiofenix.com.ar\/2023\/category\/politica\/\" rel=\"category tag\">Pol\u00edtica<\/a>","tag_info":"Pol\u00edtica","comment_count":"0","_links":{"self":[{"href":"https:\/\/radiofenix.com.ar\/2023\/wp-json\/wp\/v2\/posts\/159315","targetHints":{"allow":["GET"]}}],"collection":[{"href":"https:\/\/radiofenix.com.ar\/2023\/wp-json\/wp\/v2\/posts"}],"about":[{"href":"https:\/\/radiofenix.com.ar\/2023\/wp-json\/wp\/v2\/types\/post"}],"author":[{"embeddable":true,"href":"https:\/\/radiofenix.com.ar\/2023\/wp-json\/wp\/v2\/users\/2"}],"replies":[{"embeddable":true,"href":"https:\/\/radiofenix.com.ar\/2023\/wp-json\/wp\/v2\/comments?post=159315"}],"version-history":[{"count":0,"href":"https:\/\/radiofenix.com.ar\/2023\/wp-json\/wp\/v2\/posts\/159315\/revisions"}],"wp:featuredmedia":[{"embeddable":true,"href":"https:\/\/radiofenix.com.ar\/2023\/wp-json\/"}],"wp:attachment":[{"href":"https:\/\/radiofenix.com.ar\/2023\/wp-json\/wp\/v2\/media?parent=159315"}],"wp:term":[{"taxonomy":"category","embeddable":true,"href":"https:\/\/radiofenix.com.ar\/2023\/wp-json\/wp\/v2\/categories?post=159315"},{"taxonomy":"post_tag","embeddable":true,"href":"https:\/\/radiofenix.com.ar\/2023\/wp-json\/wp\/v2\/tags?post=159315"}],"curies":[{"name":"wp","href":"https:\/\/api.w.org\/{rel}","templated":true}]}}