{"id":159323,"date":"2023-01-17T01:04:27","date_gmt":"2023-01-17T01:04:27","guid":{"rendered":"http:\/\/radiofenix.com.ar\/scaloni-no-volvi-a-ver-la-final-con-francia-pero-la-tengo-en-mi-cabeza\/"},"modified":"2023-01-17T01:04:27","modified_gmt":"2023-01-17T01:04:27","slug":"scaloni-no-volvi-a-ver-la-final-con-francia-pero-la-tengo-en-mi-cabeza","status":"publish","type":"post","link":"https:\/\/radiofenix.com.ar\/2023\/scaloni-no-volvi-a-ver-la-final-con-francia-pero-la-tengo-en-mi-cabeza\/","title":{"rendered":"Scaloni: \u00abNo volv\u00ed a ver la final con Francia, pero la tengo en mi cabeza\u00bb"},"content":{"rendered":"<p>El entrenador de la Selecci\u00f3n Argentina, que en los pr\u00f3ximos d\u00edas podr\u00eda renovar su contrato, hizo referencia sobre el partido que le dio a Argentina las tres estrellas. Sobre la atajada del final de \u00abDibu\u00bb Mart\u00ednez ante Kuolo Mani, manifest\u00f3 que \u00abes una imagen pesada. Quiz\u00e1 si la vuelvo a ver, entra\u00bb.<\/p>\n","protected":false},"excerpt":{"rendered":"<p>El entrenador de la Selecci\u00f3n Argentina, que en los pr\u00f3ximos d\u00edas podr\u00eda renovar su contrato,&#8230;<\/p>\n","protected":false},"author":2,"featured_media":159324,"comment_status":"open","ping_status":"open","sticky":false,"template":"","format":"standard","meta":{"footnotes":""},"categories":[3],"tags":[],"class_list":["post-159323","post","type-post","status-publish","format-standard","has-post-thumbnail","hentry","category-deportes"],"featured_image_urls":{"full":"","thumbnail":"","medium":"","medium_large":"","large":"","1536x1536":"","2048x2048":"","newsium-slider-full":"","newsium-featured":"","newsium-medium":""},"author_info":{"info":["c1500921"]},"category_info":"<a href=\"https:\/\/radiofenix.com.ar\/2023\/category\/deportes\/\" rel=\"category tag\">Deportes<\/a>","tag_info":"Deportes","comment_count":"0","_links":{"self":[{"href":"https:\/\/radiofenix.com.ar\/2023\/wp-json\/wp\/v2\/posts\/159323","targetHints":{"allow":["GET"]}}],"collection":[{"href":"https:\/\/radiofenix.com.ar\/2023\/wp-json\/wp\/v2\/posts"}],"about":[{"href":"https:\/\/radiofenix.com.ar\/2023\/wp-json\/wp\/v2\/types\/post"}],"author":[{"embeddable":true,"href":"https:\/\/radiofenix.com.ar\/2023\/wp-json\/wp\/v2\/users\/2"}],"replies":[{"embeddable":true,"href":"https:\/\/radiofenix.com.ar\/2023\/wp-json\/wp\/v2\/comments?post=159323"}],"version-history":[{"count":0,"href":"https:\/\/radiofenix.com.ar\/2023\/wp-json\/wp\/v2\/posts\/159323\/revisions"}],"wp:featuredmedia":[{"embeddable":true,"href":"https:\/\/radiofenix.com.ar\/2023\/wp-json\/"}],"wp:attachment":[{"href":"https:\/\/radiofenix.com.ar\/2023\/wp-json\/wp\/v2\/media?parent=159323"}],"wp:term":[{"taxonomy":"category","embeddable":true,"href":"https:\/\/radiofenix.com.ar\/2023\/wp-json\/wp\/v2\/categories?post=159323"},{"taxonomy":"post_tag","embeddable":true,"href":"https:\/\/radiofenix.com.ar\/2023\/wp-json\/wp\/v2\/tags?post=159323"}],"curies":[{"name":"wp","href":"https:\/\/api.w.org\/{rel}","templated":true}]}}