{"id":159333,"date":"2023-01-17T01:27:00","date_gmt":"2023-01-17T01:27:00","guid":{"rendered":"http:\/\/radiofenix.com.ar\/la-historia-de-los-refranes-el-habito-no-hace-al-monje\/"},"modified":"2023-01-17T01:27:00","modified_gmt":"2023-01-17T01:27:00","slug":"la-historia-de-los-refranes-el-habito-no-hace-al-monje","status":"publish","type":"post","link":"https:\/\/radiofenix.com.ar\/2023\/la-historia-de-los-refranes-el-habito-no-hace-al-monje\/","title":{"rendered":"La historia de los refranes: \u00abEl h\u00e1bito no hace al monje\u00bb"},"content":{"rendered":"<p>H\u00e1bito aqu\u00ed en referencia al traje religioso, no como pr\u00e1ctica usual de algo. Y monje en alusi\u00f3n a cualquier persona, religiosa o no, cuyas apariencias pueden enga\u00f1ar. El refr\u00e1n nos recuerda que no todo es lo que parece.H\u00e1bito aqu\u00ed en referencia al traje religioso, no como pr\u00e1ctica usual de algo. Y monje en alusi\u00f3n a cualquier persona, religiosa o no, cuyas apariencias pueden enga\u00f1ar. El refr\u00e1n nos recuerda que no todo es lo que parece.<\/p>\n","protected":false},"excerpt":{"rendered":"<p>H\u00e1bito aqu\u00ed en referencia al traje religioso, no como pr\u00e1ctica usual de algo. Y monje&#8230;<\/p>\n","protected":false},"author":2,"featured_media":159334,"comment_status":"open","ping_status":"open","sticky":false,"template":"","format":"standard","meta":{"footnotes":""},"categories":[4],"tags":[],"class_list":["post-159333","post","type-post","status-publish","format-standard","has-post-thumbnail","hentry","category-espectaculos"],"featured_image_urls":{"full":"","thumbnail":"","medium":"","medium_large":"","large":"","1536x1536":"","2048x2048":"","newsium-slider-full":"","newsium-featured":"","newsium-medium":""},"author_info":{"info":["c1500921"]},"category_info":"<a href=\"https:\/\/radiofenix.com.ar\/2023\/category\/espectaculos\/\" rel=\"category tag\">Espectaculos<\/a>","tag_info":"Espectaculos","comment_count":"0","_links":{"self":[{"href":"https:\/\/radiofenix.com.ar\/2023\/wp-json\/wp\/v2\/posts\/159333","targetHints":{"allow":["GET"]}}],"collection":[{"href":"https:\/\/radiofenix.com.ar\/2023\/wp-json\/wp\/v2\/posts"}],"about":[{"href":"https:\/\/radiofenix.com.ar\/2023\/wp-json\/wp\/v2\/types\/post"}],"author":[{"embeddable":true,"href":"https:\/\/radiofenix.com.ar\/2023\/wp-json\/wp\/v2\/users\/2"}],"replies":[{"embeddable":true,"href":"https:\/\/radiofenix.com.ar\/2023\/wp-json\/wp\/v2\/comments?post=159333"}],"version-history":[{"count":0,"href":"https:\/\/radiofenix.com.ar\/2023\/wp-json\/wp\/v2\/posts\/159333\/revisions"}],"wp:featuredmedia":[{"embeddable":true,"href":"https:\/\/radiofenix.com.ar\/2023\/wp-json\/"}],"wp:attachment":[{"href":"https:\/\/radiofenix.com.ar\/2023\/wp-json\/wp\/v2\/media?parent=159333"}],"wp:term":[{"taxonomy":"category","embeddable":true,"href":"https:\/\/radiofenix.com.ar\/2023\/wp-json\/wp\/v2\/categories?post=159333"},{"taxonomy":"post_tag","embeddable":true,"href":"https:\/\/radiofenix.com.ar\/2023\/wp-json\/wp\/v2\/tags?post=159333"}],"curies":[{"name":"wp","href":"https:\/\/api.w.org\/{rel}","templated":true}]}}