{"id":159339,"date":"2023-01-17T03:04:00","date_gmt":"2023-01-17T03:04:00","guid":{"rendered":"http:\/\/radiofenix.com.ar\/gina-lollobrigida-el-adios-a-una-figura-del-cine-italiano-que-traspaso-fronteras-3\/"},"modified":"2023-01-17T03:04:00","modified_gmt":"2023-01-17T03:04:00","slug":"gina-lollobrigida-el-adios-a-una-figura-del-cine-italiano-que-traspaso-fronteras-3","status":"publish","type":"post","link":"https:\/\/radiofenix.com.ar\/2023\/gina-lollobrigida-el-adios-a-una-figura-del-cine-italiano-que-traspaso-fronteras-3\/","title":{"rendered":"Gina Lollobrigida: el adi\u00f3s a una figura del cine italiano que traspas\u00f3 fronteras"},"content":{"rendered":"<p>La protagonista de filmes como \u00abPan, amor y fantas\u00eda\u00bb y \u00abBell\u00edsimo noviembre\u00bb\u00a0falleci\u00f3 a los 95 a\u00f1os en Roma, donde se encontraba hospitalizada desde hac\u00eda varias semanas por una fractura en el f\u00e9mur.La protagonista de filmes como \u00abPan, amor y fantas\u00eda\u00bb y \u00abBell\u00edsimo noviembre\u00bb\u00a0falleci\u00f3 a los 95 a\u00f1os en Roma, donde se encontraba hospitalizada desde hac\u00eda varias semanas por una fractura en el f\u00e9mur.<\/p>\n","protected":false},"excerpt":{"rendered":"<p>La protagonista de filmes como \u00abPan, amor y fantas\u00eda\u00bb y \u00abBell\u00edsimo noviembre\u00bb\u00a0falleci\u00f3 a los 95&#8230;<\/p>\n","protected":false},"author":2,"featured_media":159340,"comment_status":"open","ping_status":"open","sticky":false,"template":"","format":"standard","meta":{"footnotes":""},"categories":[4],"tags":[],"class_list":["post-159339","post","type-post","status-publish","format-standard","has-post-thumbnail","hentry","category-espectaculos"],"featured_image_urls":{"full":"","thumbnail":"","medium":"","medium_large":"","large":"","1536x1536":"","2048x2048":"","newsium-slider-full":"","newsium-featured":"","newsium-medium":""},"author_info":{"info":["c1500921"]},"category_info":"<a href=\"https:\/\/radiofenix.com.ar\/2023\/category\/espectaculos\/\" rel=\"category tag\">Espectaculos<\/a>","tag_info":"Espectaculos","comment_count":"0","_links":{"self":[{"href":"https:\/\/radiofenix.com.ar\/2023\/wp-json\/wp\/v2\/posts\/159339","targetHints":{"allow":["GET"]}}],"collection":[{"href":"https:\/\/radiofenix.com.ar\/2023\/wp-json\/wp\/v2\/posts"}],"about":[{"href":"https:\/\/radiofenix.com.ar\/2023\/wp-json\/wp\/v2\/types\/post"}],"author":[{"embeddable":true,"href":"https:\/\/radiofenix.com.ar\/2023\/wp-json\/wp\/v2\/users\/2"}],"replies":[{"embeddable":true,"href":"https:\/\/radiofenix.com.ar\/2023\/wp-json\/wp\/v2\/comments?post=159339"}],"version-history":[{"count":0,"href":"https:\/\/radiofenix.com.ar\/2023\/wp-json\/wp\/v2\/posts\/159339\/revisions"}],"wp:featuredmedia":[{"embeddable":true,"href":"https:\/\/radiofenix.com.ar\/2023\/wp-json\/"}],"wp:attachment":[{"href":"https:\/\/radiofenix.com.ar\/2023\/wp-json\/wp\/v2\/media?parent=159339"}],"wp:term":[{"taxonomy":"category","embeddable":true,"href":"https:\/\/radiofenix.com.ar\/2023\/wp-json\/wp\/v2\/categories?post=159339"},{"taxonomy":"post_tag","embeddable":true,"href":"https:\/\/radiofenix.com.ar\/2023\/wp-json\/wp\/v2\/tags?post=159339"}],"curies":[{"name":"wp","href":"https:\/\/api.w.org\/{rel}","templated":true}]}}