{"id":159343,"date":"2023-01-17T10:04:51","date_gmt":"2023-01-17T10:04:51","guid":{"rendered":"http:\/\/radiofenix.com.ar\/alberto-fernandez-inaugura-la-ampliacion-de-un-hospital-en-jose-c-paz-2\/"},"modified":"2023-01-17T10:04:51","modified_gmt":"2023-01-17T10:04:51","slug":"alberto-fernandez-inaugura-la-ampliacion-de-un-hospital-en-jose-c-paz-2","status":"publish","type":"post","link":"https:\/\/radiofenix.com.ar\/2023\/alberto-fernandez-inaugura-la-ampliacion-de-un-hospital-en-jose-c-paz-2\/","title":{"rendered":"Alberto Fern\u00e1ndez inaugura la ampliaci\u00f3n de un hospital en Jos\u00e9 C. Paz"},"content":{"rendered":"<p>El Presidente encabezar\u00e1 el acto en la localidad bonaerense acompa\u00f1ado por\u00a0\u00a0el ministro de Obras P\u00fablicas, Gabriel Katopodis, y el intendente local, Mario Ishii. M\u00e1s tarde mantendr\u00e1 una reuni\u00f3n con la ministra Vizzotti y\u00a0representantes\u00a0del Incucai.El Presidente encabezar\u00e1 el acto en la localidad bonaerense acompa\u00f1ado por\u00a0\u00a0el ministro de Obras P\u00fablicas, Gabriel Katopodis, y el intendente local, Mario Ishii. M\u00e1s tarde mantendr\u00e1 una reuni\u00f3n con la ministra Vizzotti y\u00a0representantes\u00a0del Incucai.<\/p>\n","protected":false},"excerpt":{"rendered":"<p>El Presidente encabezar\u00e1 el acto en la localidad bonaerense acompa\u00f1ado por\u00a0\u00a0el ministro de Obras P\u00fablicas,&#8230;<\/p>\n","protected":false},"author":2,"featured_media":159344,"comment_status":"open","ping_status":"open","sticky":false,"template":"","format":"standard","meta":{"footnotes":""},"categories":[2],"tags":[],"class_list":["post-159343","post","type-post","status-publish","format-standard","has-post-thumbnail","hentry","category-politica"],"featured_image_urls":{"full":"","thumbnail":"","medium":"","medium_large":"","large":"","1536x1536":"","2048x2048":"","newsium-slider-full":"","newsium-featured":"","newsium-medium":""},"author_info":{"info":["c1500921"]},"category_info":"<a href=\"https:\/\/radiofenix.com.ar\/2023\/category\/politica\/\" rel=\"category tag\">Pol\u00edtica<\/a>","tag_info":"Pol\u00edtica","comment_count":"0","_links":{"self":[{"href":"https:\/\/radiofenix.com.ar\/2023\/wp-json\/wp\/v2\/posts\/159343","targetHints":{"allow":["GET"]}}],"collection":[{"href":"https:\/\/radiofenix.com.ar\/2023\/wp-json\/wp\/v2\/posts"}],"about":[{"href":"https:\/\/radiofenix.com.ar\/2023\/wp-json\/wp\/v2\/types\/post"}],"author":[{"embeddable":true,"href":"https:\/\/radiofenix.com.ar\/2023\/wp-json\/wp\/v2\/users\/2"}],"replies":[{"embeddable":true,"href":"https:\/\/radiofenix.com.ar\/2023\/wp-json\/wp\/v2\/comments?post=159343"}],"version-history":[{"count":0,"href":"https:\/\/radiofenix.com.ar\/2023\/wp-json\/wp\/v2\/posts\/159343\/revisions"}],"wp:featuredmedia":[{"embeddable":true,"href":"https:\/\/radiofenix.com.ar\/2023\/wp-json\/"}],"wp:attachment":[{"href":"https:\/\/radiofenix.com.ar\/2023\/wp-json\/wp\/v2\/media?parent=159343"}],"wp:term":[{"taxonomy":"category","embeddable":true,"href":"https:\/\/radiofenix.com.ar\/2023\/wp-json\/wp\/v2\/categories?post=159343"},{"taxonomy":"post_tag","embeddable":true,"href":"https:\/\/radiofenix.com.ar\/2023\/wp-json\/wp\/v2\/tags?post=159343"}],"curies":[{"name":"wp","href":"https:\/\/api.w.org\/{rel}","templated":true}]}}