{"id":159345,"date":"2023-01-17T11:04:52","date_gmt":"2023-01-17T11:04:52","guid":{"rendered":"http:\/\/radiofenix.com.ar\/un-nuevo-contingente-de-cascos-azules-parte-a-chipre\/"},"modified":"2023-01-17T11:04:52","modified_gmt":"2023-01-17T11:04:52","slug":"un-nuevo-contingente-de-cascos-azules-parte-a-chipre","status":"publish","type":"post","link":"https:\/\/radiofenix.com.ar\/2023\/un-nuevo-contingente-de-cascos-azules-parte-a-chipre\/","title":{"rendered":"Un nuevo contingente de cascos azules parte a Chipre"},"content":{"rendered":"<p>El ministro de Defensa, Jorge Taiana, encabezar\u00e1 la ceremonia de despedida,\u00a0en la I Brigada A\u00e9rea \u00abEl Palomar\u00bb.\u00a0En los \u00faltimos tres a\u00f1os la Argentina duplic\u00f3 su presencia en estas operaciones de paz.El ministro de Defensa, Jorge Taiana, encabezar\u00e1 la ceremonia de despedida,\u00a0en la I Brigada A\u00e9rea \u00abEl Palomar\u00bb.\u00a0En los \u00faltimos tres a\u00f1os la Argentina duplic\u00f3 su presencia en estas operaciones de paz.<\/p>\n","protected":false},"excerpt":{"rendered":"<p>El ministro de Defensa, Jorge Taiana, encabezar\u00e1 la ceremonia de despedida,\u00a0en la I Brigada A\u00e9rea&#8230;<\/p>\n","protected":false},"author":2,"featured_media":159346,"comment_status":"open","ping_status":"open","sticky":false,"template":"","format":"standard","meta":{"footnotes":""},"categories":[2],"tags":[],"class_list":["post-159345","post","type-post","status-publish","format-standard","has-post-thumbnail","hentry","category-politica"],"featured_image_urls":{"full":"","thumbnail":"","medium":"","medium_large":"","large":"","1536x1536":"","2048x2048":"","newsium-slider-full":"","newsium-featured":"","newsium-medium":""},"author_info":{"info":["c1500921"]},"category_info":"<a href=\"https:\/\/radiofenix.com.ar\/2023\/category\/politica\/\" rel=\"category tag\">Pol\u00edtica<\/a>","tag_info":"Pol\u00edtica","comment_count":"0","_links":{"self":[{"href":"https:\/\/radiofenix.com.ar\/2023\/wp-json\/wp\/v2\/posts\/159345","targetHints":{"allow":["GET"]}}],"collection":[{"href":"https:\/\/radiofenix.com.ar\/2023\/wp-json\/wp\/v2\/posts"}],"about":[{"href":"https:\/\/radiofenix.com.ar\/2023\/wp-json\/wp\/v2\/types\/post"}],"author":[{"embeddable":true,"href":"https:\/\/radiofenix.com.ar\/2023\/wp-json\/wp\/v2\/users\/2"}],"replies":[{"embeddable":true,"href":"https:\/\/radiofenix.com.ar\/2023\/wp-json\/wp\/v2\/comments?post=159345"}],"version-history":[{"count":0,"href":"https:\/\/radiofenix.com.ar\/2023\/wp-json\/wp\/v2\/posts\/159345\/revisions"}],"wp:featuredmedia":[{"embeddable":true,"href":"https:\/\/radiofenix.com.ar\/2023\/wp-json\/"}],"wp:attachment":[{"href":"https:\/\/radiofenix.com.ar\/2023\/wp-json\/wp\/v2\/media?parent=159345"}],"wp:term":[{"taxonomy":"category","embeddable":true,"href":"https:\/\/radiofenix.com.ar\/2023\/wp-json\/wp\/v2\/categories?post=159345"},{"taxonomy":"post_tag","embeddable":true,"href":"https:\/\/radiofenix.com.ar\/2023\/wp-json\/wp\/v2\/tags?post=159345"}],"curies":[{"name":"wp","href":"https:\/\/api.w.org\/{rel}","templated":true}]}}