{"id":159347,"date":"2023-01-17T11:04:52","date_gmt":"2023-01-17T11:04:52","guid":{"rendered":"http:\/\/radiofenix.com.ar\/trabajadores-del-posadas-iniciaron-un-paro-de-48-horas-por-urgentes-mejoras-salariales\/"},"modified":"2023-01-17T11:04:52","modified_gmt":"2023-01-17T11:04:52","slug":"trabajadores-del-posadas-iniciaron-un-paro-de-48-horas-por-urgentes-mejoras-salariales","status":"publish","type":"post","link":"https:\/\/radiofenix.com.ar\/2023\/trabajadores-del-posadas-iniciaron-un-paro-de-48-horas-por-urgentes-mejoras-salariales\/","title":{"rendered":"Trabajadores del Posadas iniciaron un paro de 48 horas por urgentes mejoras salariales"},"content":{"rendered":"<p>Se dict\u00f3 conciliaci\u00f3n obligatoria en diciembre \u00faltimo, pero se\u00f1alaron que no se cumplieron las promesas, por lo que desde el mi\u00e9rcoles ir\u00e1 al paro de dos d\u00edas en demanda de un aumento salarial.Se dict\u00f3 conciliaci\u00f3n obligatoria en diciembre \u00faltimo, pero se\u00f1alaron que no se cumplieron las promesas, por lo que desde el mi\u00e9rcoles ir\u00e1 al paro de dos d\u00edas en demanda de un aumento salarial.<\/p>\n","protected":false},"excerpt":{"rendered":"<p>Se dict\u00f3 conciliaci\u00f3n obligatoria en diciembre \u00faltimo, pero se\u00f1alaron que no se cumplieron las promesas,&#8230;<\/p>\n","protected":false},"author":2,"featured_media":159348,"comment_status":"open","ping_status":"open","sticky":false,"template":"","format":"standard","meta":{"footnotes":""},"categories":[2],"tags":[],"class_list":["post-159347","post","type-post","status-publish","format-standard","has-post-thumbnail","hentry","category-politica"],"featured_image_urls":{"full":"","thumbnail":"","medium":"","medium_large":"","large":"","1536x1536":"","2048x2048":"","newsium-slider-full":"","newsium-featured":"","newsium-medium":""},"author_info":{"info":["c1500921"]},"category_info":"<a href=\"https:\/\/radiofenix.com.ar\/2023\/category\/politica\/\" rel=\"category tag\">Pol\u00edtica<\/a>","tag_info":"Pol\u00edtica","comment_count":"0","_links":{"self":[{"href":"https:\/\/radiofenix.com.ar\/2023\/wp-json\/wp\/v2\/posts\/159347","targetHints":{"allow":["GET"]}}],"collection":[{"href":"https:\/\/radiofenix.com.ar\/2023\/wp-json\/wp\/v2\/posts"}],"about":[{"href":"https:\/\/radiofenix.com.ar\/2023\/wp-json\/wp\/v2\/types\/post"}],"author":[{"embeddable":true,"href":"https:\/\/radiofenix.com.ar\/2023\/wp-json\/wp\/v2\/users\/2"}],"replies":[{"embeddable":true,"href":"https:\/\/radiofenix.com.ar\/2023\/wp-json\/wp\/v2\/comments?post=159347"}],"version-history":[{"count":0,"href":"https:\/\/radiofenix.com.ar\/2023\/wp-json\/wp\/v2\/posts\/159347\/revisions"}],"wp:featuredmedia":[{"embeddable":true,"href":"https:\/\/radiofenix.com.ar\/2023\/wp-json\/"}],"wp:attachment":[{"href":"https:\/\/radiofenix.com.ar\/2023\/wp-json\/wp\/v2\/media?parent=159347"}],"wp:term":[{"taxonomy":"category","embeddable":true,"href":"https:\/\/radiofenix.com.ar\/2023\/wp-json\/wp\/v2\/categories?post=159347"},{"taxonomy":"post_tag","embeddable":true,"href":"https:\/\/radiofenix.com.ar\/2023\/wp-json\/wp\/v2\/tags?post=159347"}],"curies":[{"name":"wp","href":"https:\/\/api.w.org\/{rel}","templated":true}]}}