{"id":159355,"date":"2023-01-17T13:04:03","date_gmt":"2023-01-17T13:04:03","guid":{"rendered":"http:\/\/radiofenix.com.ar\/milani-desmintio-que-integre-una-mesa-militar-en-la-afi-y-nego-existencia-de-ese-grupo\/"},"modified":"2023-01-17T13:04:03","modified_gmt":"2023-01-17T13:04:03","slug":"milani-desmintio-que-integre-una-mesa-militar-en-la-afi-y-nego-existencia-de-ese-grupo","status":"publish","type":"post","link":"https:\/\/radiofenix.com.ar\/2023\/milani-desmintio-que-integre-una-mesa-militar-en-la-afi-y-nego-existencia-de-ese-grupo\/","title":{"rendered":"Milani desminti\u00f3 que integre una \u00abmesa militar\u00bb en la AFI y neg\u00f3 existencia de ese grupo"},"content":{"rendered":"<p>\u00abAtacan mi figura aduciendo que hay una pseudo organizaci\u00f3n para la defensa, una supuesta mesa militar que en realidad no existe. Quieren tapar desde alg\u00fan sector de los medios hegem\u00f3nicos esos chats\u00bb, indic\u00f3 el exjefe del Ej\u00e9rcito.\u00bbAtacan mi figura aduciendo que hay una pseudo organizaci\u00f3n para la defensa, una supuesta mesa militar que en realidad no existe. Quieren tapar desde alg\u00fan sector de los medios hegem\u00f3nicos esos chats\u00bb, indic\u00f3 el exjefe del Ej\u00e9rcito.<\/p>\n","protected":false},"excerpt":{"rendered":"<p>\u00abAtacan mi figura aduciendo que hay una pseudo organizaci\u00f3n para la defensa, una supuesta mesa&#8230;<\/p>\n","protected":false},"author":2,"featured_media":159356,"comment_status":"open","ping_status":"open","sticky":false,"template":"","format":"standard","meta":{"footnotes":""},"categories":[2],"tags":[],"class_list":["post-159355","post","type-post","status-publish","format-standard","has-post-thumbnail","hentry","category-politica"],"featured_image_urls":{"full":"","thumbnail":"","medium":"","medium_large":"","large":"","1536x1536":"","2048x2048":"","newsium-slider-full":"","newsium-featured":"","newsium-medium":""},"author_info":{"info":["c1500921"]},"category_info":"<a href=\"https:\/\/radiofenix.com.ar\/2023\/category\/politica\/\" rel=\"category tag\">Pol\u00edtica<\/a>","tag_info":"Pol\u00edtica","comment_count":"0","_links":{"self":[{"href":"https:\/\/radiofenix.com.ar\/2023\/wp-json\/wp\/v2\/posts\/159355","targetHints":{"allow":["GET"]}}],"collection":[{"href":"https:\/\/radiofenix.com.ar\/2023\/wp-json\/wp\/v2\/posts"}],"about":[{"href":"https:\/\/radiofenix.com.ar\/2023\/wp-json\/wp\/v2\/types\/post"}],"author":[{"embeddable":true,"href":"https:\/\/radiofenix.com.ar\/2023\/wp-json\/wp\/v2\/users\/2"}],"replies":[{"embeddable":true,"href":"https:\/\/radiofenix.com.ar\/2023\/wp-json\/wp\/v2\/comments?post=159355"}],"version-history":[{"count":0,"href":"https:\/\/radiofenix.com.ar\/2023\/wp-json\/wp\/v2\/posts\/159355\/revisions"}],"wp:featuredmedia":[{"embeddable":true,"href":"https:\/\/radiofenix.com.ar\/2023\/wp-json\/"}],"wp:attachment":[{"href":"https:\/\/radiofenix.com.ar\/2023\/wp-json\/wp\/v2\/media?parent=159355"}],"wp:term":[{"taxonomy":"category","embeddable":true,"href":"https:\/\/radiofenix.com.ar\/2023\/wp-json\/wp\/v2\/categories?post=159355"},{"taxonomy":"post_tag","embeddable":true,"href":"https:\/\/radiofenix.com.ar\/2023\/wp-json\/wp\/v2\/tags?post=159355"}],"curies":[{"name":"wp","href":"https:\/\/api.w.org\/{rel}","templated":true}]}}