{"id":159365,"date":"2023-01-17T14:04:10","date_gmt":"2023-01-17T14:04:10","guid":{"rendered":"http:\/\/radiofenix.com.ar\/los-beneficiarios-del-potenciar-trabajo-tienen-dos-instancias-mas-para-validar-datos\/"},"modified":"2023-01-17T14:04:10","modified_gmt":"2023-01-17T14:04:10","slug":"los-beneficiarios-del-potenciar-trabajo-tienen-dos-instancias-mas-para-validar-datos","status":"publish","type":"post","link":"https:\/\/radiofenix.com.ar\/2023\/los-beneficiarios-del-potenciar-trabajo-tienen-dos-instancias-mas-para-validar-datos\/","title":{"rendered":"Los beneficiarios del Potenciar Trabajo \u00abtienen dos instancias m\u00e1s\u00bb para validar datos"},"content":{"rendered":"<p>\u00abHay una pol\u00edtica de estigmatizaci\u00f3n del sector constante. No hay la misma vocaci\u00f3n de control para controlar a las empresas de litio, que a los sectores populares. Es hist\u00f3rica la estigmatizaci\u00f3n\u00bb, secretario de Econom\u00eda Social del Ministerio de Desarrollo Social.\u00bbHay una pol\u00edtica de estigmatizaci\u00f3n del sector constante. No hay la misma vocaci\u00f3n de control para controlar a las empresas de litio, que a los sectores populares. Es hist\u00f3rica la estigmatizaci\u00f3n\u00bb, secretario de Econom\u00eda Social del Ministerio de Desarrollo Social.<\/p>\n","protected":false},"excerpt":{"rendered":"<p>\u00abHay una pol\u00edtica de estigmatizaci\u00f3n del sector constante. No hay la misma vocaci\u00f3n de control&#8230;<\/p>\n","protected":false},"author":2,"featured_media":159366,"comment_status":"open","ping_status":"open","sticky":false,"template":"","format":"standard","meta":{"footnotes":""},"categories":[2],"tags":[],"class_list":["post-159365","post","type-post","status-publish","format-standard","has-post-thumbnail","hentry","category-politica"],"featured_image_urls":{"full":"","thumbnail":"","medium":"","medium_large":"","large":"","1536x1536":"","2048x2048":"","newsium-slider-full":"","newsium-featured":"","newsium-medium":""},"author_info":{"info":["c1500921"]},"category_info":"<a href=\"https:\/\/radiofenix.com.ar\/2023\/category\/politica\/\" rel=\"category tag\">Pol\u00edtica<\/a>","tag_info":"Pol\u00edtica","comment_count":"0","_links":{"self":[{"href":"https:\/\/radiofenix.com.ar\/2023\/wp-json\/wp\/v2\/posts\/159365","targetHints":{"allow":["GET"]}}],"collection":[{"href":"https:\/\/radiofenix.com.ar\/2023\/wp-json\/wp\/v2\/posts"}],"about":[{"href":"https:\/\/radiofenix.com.ar\/2023\/wp-json\/wp\/v2\/types\/post"}],"author":[{"embeddable":true,"href":"https:\/\/radiofenix.com.ar\/2023\/wp-json\/wp\/v2\/users\/2"}],"replies":[{"embeddable":true,"href":"https:\/\/radiofenix.com.ar\/2023\/wp-json\/wp\/v2\/comments?post=159365"}],"version-history":[{"count":0,"href":"https:\/\/radiofenix.com.ar\/2023\/wp-json\/wp\/v2\/posts\/159365\/revisions"}],"wp:featuredmedia":[{"embeddable":true,"href":"https:\/\/radiofenix.com.ar\/2023\/wp-json\/"}],"wp:attachment":[{"href":"https:\/\/radiofenix.com.ar\/2023\/wp-json\/wp\/v2\/media?parent=159365"}],"wp:term":[{"taxonomy":"category","embeddable":true,"href":"https:\/\/radiofenix.com.ar\/2023\/wp-json\/wp\/v2\/categories?post=159365"},{"taxonomy":"post_tag","embeddable":true,"href":"https:\/\/radiofenix.com.ar\/2023\/wp-json\/wp\/v2\/tags?post=159365"}],"curies":[{"name":"wp","href":"https:\/\/api.w.org\/{rel}","templated":true}]}}