{"id":159367,"date":"2023-01-17T14:04:10","date_gmt":"2023-01-17T14:04:10","guid":{"rendered":"http:\/\/radiofenix.com.ar\/cafiero-anuncio-un-encuentro-en-bruselas-para-profundizar-la-integracion-con-la-ue\/"},"modified":"2023-01-17T14:04:10","modified_gmt":"2023-01-17T14:04:10","slug":"cafiero-anuncio-un-encuentro-en-bruselas-para-profundizar-la-integracion-con-la-ue","status":"publish","type":"post","link":"https:\/\/radiofenix.com.ar\/2023\/cafiero-anuncio-un-encuentro-en-bruselas-para-profundizar-la-integracion-con-la-ue\/","title":{"rendered":"Cafiero anunci\u00f3 un encuentro en Bruselas para profundizar la integraci\u00f3n con la UE"},"content":{"rendered":"<p>&amp;ldquo;Pronto nos reuniremos con Josep Borrell para avanzar en la convocatoria de una nueva cumbre\u00bb, afirm\u00f3 el canciller. Y destac\u00f3 la relaci\u00f3n con el bloque.&amp;ldquo;Pronto nos reuniremos con Josep Borrell para avanzar en la convocatoria de una nueva cumbre\u00bb, afirm\u00f3 el canciller. Y destac\u00f3 la relaci\u00f3n con el bloque.<\/p>\n","protected":false},"excerpt":{"rendered":"<p>&amp;ldquo;Pronto nos reuniremos con Josep Borrell para avanzar en la convocatoria de una nueva cumbre\u00bb,&#8230;<\/p>\n","protected":false},"author":2,"featured_media":159368,"comment_status":"open","ping_status":"open","sticky":false,"template":"","format":"standard","meta":{"footnotes":""},"categories":[2],"tags":[],"class_list":["post-159367","post","type-post","status-publish","format-standard","has-post-thumbnail","hentry","category-politica"],"featured_image_urls":{"full":"","thumbnail":"","medium":"","medium_large":"","large":"","1536x1536":"","2048x2048":"","newsium-slider-full":"","newsium-featured":"","newsium-medium":""},"author_info":{"info":["c1500921"]},"category_info":"<a href=\"https:\/\/radiofenix.com.ar\/2023\/category\/politica\/\" rel=\"category tag\">Pol\u00edtica<\/a>","tag_info":"Pol\u00edtica","comment_count":"0","_links":{"self":[{"href":"https:\/\/radiofenix.com.ar\/2023\/wp-json\/wp\/v2\/posts\/159367","targetHints":{"allow":["GET"]}}],"collection":[{"href":"https:\/\/radiofenix.com.ar\/2023\/wp-json\/wp\/v2\/posts"}],"about":[{"href":"https:\/\/radiofenix.com.ar\/2023\/wp-json\/wp\/v2\/types\/post"}],"author":[{"embeddable":true,"href":"https:\/\/radiofenix.com.ar\/2023\/wp-json\/wp\/v2\/users\/2"}],"replies":[{"embeddable":true,"href":"https:\/\/radiofenix.com.ar\/2023\/wp-json\/wp\/v2\/comments?post=159367"}],"version-history":[{"count":0,"href":"https:\/\/radiofenix.com.ar\/2023\/wp-json\/wp\/v2\/posts\/159367\/revisions"}],"wp:featuredmedia":[{"embeddable":true,"href":"https:\/\/radiofenix.com.ar\/2023\/wp-json\/"}],"wp:attachment":[{"href":"https:\/\/radiofenix.com.ar\/2023\/wp-json\/wp\/v2\/media?parent=159367"}],"wp:term":[{"taxonomy":"category","embeddable":true,"href":"https:\/\/radiofenix.com.ar\/2023\/wp-json\/wp\/v2\/categories?post=159367"},{"taxonomy":"post_tag","embeddable":true,"href":"https:\/\/radiofenix.com.ar\/2023\/wp-json\/wp\/v2\/tags?post=159367"}],"curies":[{"name":"wp","href":"https:\/\/api.w.org\/{rel}","templated":true}]}}