{"id":159377,"date":"2023-01-17T15:04:15","date_gmt":"2023-01-17T15:04:15","guid":{"rendered":"http:\/\/radiofenix.com.ar\/el-juicio-a-la-corte-servira-para-visibilizar-el-ataque-al-federalismo\/"},"modified":"2023-01-17T15:04:15","modified_gmt":"2023-01-17T15:04:15","slug":"el-juicio-a-la-corte-servira-para-visibilizar-el-ataque-al-federalismo","status":"publish","type":"post","link":"https:\/\/radiofenix.com.ar\/2023\/el-juicio-a-la-corte-servira-para-visibilizar-el-ataque-al-federalismo\/","title":{"rendered":"\u00abEl juicio a la Corte servir\u00e1 para visibilizar el ataque al federalismo\u00bb"},"content":{"rendered":"<p>\u00abLo importante es poder visualizar el por qu\u00e9 del juicio pol\u00edtico a la Corte. Para los gobernadores, es el fallo sobre la coparticipaci\u00f3n que benefici\u00f3 a la Ciudad de Buenos Aires es un ataque al federalismo que afecta much\u00edsimo a las provincias\u00bb, plante\u00f3 el gobernador de La Rioja.\u00bbLo importante es poder visualizar el por qu\u00e9 del juicio pol\u00edtico a la Corte. Para los gobernadores, es el fallo sobre la coparticipaci\u00f3n que benefici\u00f3 a la Ciudad de Buenos Aires es un ataque al federalismo que afecta much\u00edsimo a las provincias\u00bb, plante\u00f3 el gobernador de La Rioja.<\/p>\n","protected":false},"excerpt":{"rendered":"<p>\u00abLo importante es poder visualizar el por qu\u00e9 del juicio pol\u00edtico a la Corte. Para&#8230;<\/p>\n","protected":false},"author":2,"featured_media":159378,"comment_status":"open","ping_status":"open","sticky":false,"template":"","format":"standard","meta":{"footnotes":""},"categories":[2],"tags":[],"class_list":["post-159377","post","type-post","status-publish","format-standard","has-post-thumbnail","hentry","category-politica"],"featured_image_urls":{"full":"","thumbnail":"","medium":"","medium_large":"","large":"","1536x1536":"","2048x2048":"","newsium-slider-full":"","newsium-featured":"","newsium-medium":""},"author_info":{"info":["c1500921"]},"category_info":"<a href=\"https:\/\/radiofenix.com.ar\/2023\/category\/politica\/\" rel=\"category tag\">Pol\u00edtica<\/a>","tag_info":"Pol\u00edtica","comment_count":"0","_links":{"self":[{"href":"https:\/\/radiofenix.com.ar\/2023\/wp-json\/wp\/v2\/posts\/159377","targetHints":{"allow":["GET"]}}],"collection":[{"href":"https:\/\/radiofenix.com.ar\/2023\/wp-json\/wp\/v2\/posts"}],"about":[{"href":"https:\/\/radiofenix.com.ar\/2023\/wp-json\/wp\/v2\/types\/post"}],"author":[{"embeddable":true,"href":"https:\/\/radiofenix.com.ar\/2023\/wp-json\/wp\/v2\/users\/2"}],"replies":[{"embeddable":true,"href":"https:\/\/radiofenix.com.ar\/2023\/wp-json\/wp\/v2\/comments?post=159377"}],"version-history":[{"count":0,"href":"https:\/\/radiofenix.com.ar\/2023\/wp-json\/wp\/v2\/posts\/159377\/revisions"}],"wp:featuredmedia":[{"embeddable":true,"href":"https:\/\/radiofenix.com.ar\/2023\/wp-json\/"}],"wp:attachment":[{"href":"https:\/\/radiofenix.com.ar\/2023\/wp-json\/wp\/v2\/media?parent=159377"}],"wp:term":[{"taxonomy":"category","embeddable":true,"href":"https:\/\/radiofenix.com.ar\/2023\/wp-json\/wp\/v2\/categories?post=159377"},{"taxonomy":"post_tag","embeddable":true,"href":"https:\/\/radiofenix.com.ar\/2023\/wp-json\/wp\/v2\/tags?post=159377"}],"curies":[{"name":"wp","href":"https:\/\/api.w.org\/{rel}","templated":true}]}}