{"id":159393,"date":"2023-01-17T16:04:19","date_gmt":"2023-01-17T16:04:19","guid":{"rendered":"http:\/\/radiofenix.com.ar\/el-gran-premio-de-china-no-sera-reemplazado-este-2023-en-la-formula-1\/"},"modified":"2023-01-17T16:04:19","modified_gmt":"2023-01-17T16:04:19","slug":"el-gran-premio-de-china-no-sera-reemplazado-este-2023-en-la-formula-1","status":"publish","type":"post","link":"https:\/\/radiofenix.com.ar\/2023\/el-gran-premio-de-china-no-sera-reemplazado-este-2023-en-la-formula-1\/","title":{"rendered":"El Gran Premio de China no ser\u00e1 reemplazado este 2023 en la F\u00f3rmula 1"},"content":{"rendered":"<p>La carrera asi\u00e1tica, que iba a celebrarse el 16 de abril en Shanghai, fue anulada debido \u00aba las dificultades presentes por la situaci\u00f3n del Covid-19\u00bb en China, en donde las restricciones son muy importantes desde diciembre pasado.<\/p>\n","protected":false},"excerpt":{"rendered":"<p>La carrera asi\u00e1tica, que iba a celebrarse el 16 de abril en Shanghai, fue anulada&#8230;<\/p>\n","protected":false},"author":2,"featured_media":159394,"comment_status":"open","ping_status":"open","sticky":false,"template":"","format":"standard","meta":{"footnotes":""},"categories":[3],"tags":[],"class_list":["post-159393","post","type-post","status-publish","format-standard","has-post-thumbnail","hentry","category-deportes"],"featured_image_urls":{"full":"","thumbnail":"","medium":"","medium_large":"","large":"","1536x1536":"","2048x2048":"","newsium-slider-full":"","newsium-featured":"","newsium-medium":""},"author_info":{"info":["c1500921"]},"category_info":"<a href=\"https:\/\/radiofenix.com.ar\/2023\/category\/deportes\/\" rel=\"category tag\">Deportes<\/a>","tag_info":"Deportes","comment_count":"0","_links":{"self":[{"href":"https:\/\/radiofenix.com.ar\/2023\/wp-json\/wp\/v2\/posts\/159393","targetHints":{"allow":["GET"]}}],"collection":[{"href":"https:\/\/radiofenix.com.ar\/2023\/wp-json\/wp\/v2\/posts"}],"about":[{"href":"https:\/\/radiofenix.com.ar\/2023\/wp-json\/wp\/v2\/types\/post"}],"author":[{"embeddable":true,"href":"https:\/\/radiofenix.com.ar\/2023\/wp-json\/wp\/v2\/users\/2"}],"replies":[{"embeddable":true,"href":"https:\/\/radiofenix.com.ar\/2023\/wp-json\/wp\/v2\/comments?post=159393"}],"version-history":[{"count":0,"href":"https:\/\/radiofenix.com.ar\/2023\/wp-json\/wp\/v2\/posts\/159393\/revisions"}],"wp:featuredmedia":[{"embeddable":true,"href":"https:\/\/radiofenix.com.ar\/2023\/wp-json\/"}],"wp:attachment":[{"href":"https:\/\/radiofenix.com.ar\/2023\/wp-json\/wp\/v2\/media?parent=159393"}],"wp:term":[{"taxonomy":"category","embeddable":true,"href":"https:\/\/radiofenix.com.ar\/2023\/wp-json\/wp\/v2\/categories?post=159393"},{"taxonomy":"post_tag","embeddable":true,"href":"https:\/\/radiofenix.com.ar\/2023\/wp-json\/wp\/v2\/tags?post=159393"}],"curies":[{"name":"wp","href":"https:\/\/api.w.org\/{rel}","templated":true}]}}